{"id":9973,"date":"2022-10-30T02:37:04","date_gmt":"2022-10-30T02:37:04","guid":{"rendered":"https:\/\/confesionario.co\/w\/hoy-sera-la-celebracion-del-dia-de-los-ninos-en-el-parque-deportivo\/"},"modified":"2022-10-30T02:37:04","modified_gmt":"2022-10-30T02:37:04","slug":"hoy-sera-la-celebracion-del-dia-de-los-ninos-en-el-parque-deportivo","status":"publish","type":"post","link":"https:\/\/confesionario.co\/w\/hoy-sera-la-celebracion-del-dia-de-los-ninos-en-el-parque-deportivo\/","title":{"rendered":"Hoy ser\u00e1 la celebraci\u00f3n del d\u00eda de los ni\u00f1os en el Parque Deportivo"},"content":{"rendered":"<p class=\\\"MsoNormal\\\" style=\\\"text-align: justify;\\\"><span style=\\\"font-size: 12.0pt; line-height: 107%; font-family: \\'Arial\\',sans-serif;\\\">Los peque\u00f1os disfrutar\u00e1n de un show musical en vivo de las pel\u00edculas \u2018Encanto\u2019 y \u2018La Sirenita\u2019.<\/span><\/p>\n<p><!--more--><\/p>\n<p class=\\\"MsoNormal\\\" style=\\\"text-align: justify;\\\"><span style=\\\"font-size: 12.0pt; line-height: 107%; font-family: \\'Arial\\',sans-serif;\\\">El renovado Parque Deportivo ser\u00e1 el escenario para la celebraci\u00f3n del \u2018D\u00eda de los Ni\u00f1os\u2019, un evento que espera reunir cerca de tres mil asistentes, este domingo 30 de octubre, a partir de las 2:00 de la tarde. <\/span><\/p>\n<p class=\\\"MsoNormal\\\" style=\\\"text-align: justify;\\\"><span style=\\\"font-size: 12.0pt; line-height: 107%; font-family: \\'Arial\\',sans-serif;\\\">La actividad, que cuenta con el apoyo de la Administraci\u00f3n Municipal y es liderada por la gestora social de Ibagu\u00e9,<span style=\\\"mso-spacerun: yes;\\\">\u00a0 <\/span>Leidy Galeano, tendr\u00e1 un show musical adaptado de las pel\u00edculas \u2018Encanto\u2019 y \u2018La Sirenita\u2019. Adem\u00e1s, se realizar\u00e1 la presentaci\u00f3n de la patrulla canina, pintucaritas, entre otras sorpresas, que podr\u00e1n disfrutar los peque\u00f1os junto a sus padres. <\/span><\/p>\n<p class=\\\"MsoNormal\\\" style=\\\"text-align: justify;\\\"><span style=\\\"font-size: 12.0pt; line-height: 107%; font-family: \\'Arial\\',sans-serif;\\\">\u201cQueremos invitar de manera muy especial a todos nuestros ni\u00f1os a participar de esta gran celebraci\u00f3n, tendremos muchas sorpresas para los m\u00e1s peque\u00f1os de la casa\u201d, dijo Camilo Mart\u00ednez, secretario de Desarrollo Social. <\/span><\/p>\n<p class=\\\"MsoNormal\\\" style=\\\"text-align: justify;\\\"><span style=\\\"font-size: 12.0pt; line-height: 107%; font-family: \\'Arial\\',sans-serif;\\\">Es de resaltar que, la entrada ser\u00e1 libre y funcionarios estar\u00e1n por todo el parque entregando a cada asistente una boleta con la que podr\u00e1n reclamar el refrigerio y participar en las rifas. <\/span><\/p>\n<p class=\\\"MsoNormal\\\" style=\\\"text-align: justify;\\\"><span style=\\\"font-size: 12.0pt; line-height: 107%; font-family: \\'Arial\\',sans-serif;\\\">\u201cNuestros peque\u00f1os h\u00e9roes son la inspiraci\u00f3n para este equipo de gobierno, por eso decidimos hacer una actividad de puertas abiertas en la que todos los ni\u00f1os tengan la oportunidad de disfrutar esta fecha\u201d, puntualiz\u00f3 Mart\u00ednez. <\/span><\/p>\n<p class=\\\"MsoNormal\\\" style=\\\"text-align: justify;\\\"><span style=\\\"font-size: 12.0pt; line-height: 107%; font-family: \\'Arial\\',sans-serif;\\\">Tenga en cuenta que el uso de disfraz o maquillaje no ser\u00e1 obligatorio.<\/span><\/p>\n","protected":false},"excerpt":{"rendered":"<p>Los peque\u00f1os disfrutar\u00e1n de un show musical en vivo de las pel\u00edculas \u2018Encanto\u2019 y \u2018La Sirenita\u2019.<\/p>\n","protected":false},"author":1,"featured_media":0,"comment_status":"open","ping_status":"open","sticky":false,"template":"","format":"standard","meta":{"site-sidebar-layout":"default","site-content-layout":"","ast-site-content-layout":"default","site-content-style":"default","site-sidebar-style":"default","ast-global-header-display":"","ast-banner-title-visibility":"","ast-main-header-display":"","ast-hfb-above-header-display":"","ast-hfb-below-header-display":"","ast-hfb-mobile-header-display":"","site-post-title":"","ast-breadcrumbs-content":"","ast-featured-img":"","footer-sml-layout":"","ast-disable-related-posts":"","theme-transparent-header-meta":"","adv-header-id-meta":"","stick-header-meta":"","header-above-stick-meta":"","header-main-stick-meta":"","header-below-stick-meta":"","astra-migrate-meta-layouts":"default","ast-page-background-enabled":"default","ast-page-background-meta":{"desktop":{"background-color":"var(--ast-global-color-4)","background-image":"","background-repeat":"repeat","background-position":"center center","background-size":"auto","background-attachment":"scroll","background-type":"","background-media":"","overlay-type":"","overlay-color":"","overlay-opacity":"","overlay-gradient":""},"tablet":{"background-color":"","background-image":"","background-repeat":"repeat","background-position":"center center","background-size":"auto","background-attachment":"scroll","background-type":"","background-media":"","overlay-type":"","overlay-color":"","overlay-opacity":"","overlay-gradient":""},"mobile":{"background-color":"","background-image":"","background-repeat":"repeat","background-position":"center center","background-size":"auto","background-attachment":"scroll","background-type":"","background-media":"","overlay-type":"","overlay-color":"","overlay-opacity":"","overlay-gradient":""}},"ast-content-background-meta":{"desktop":{"background-color":"var(--ast-global-color-5)","background-image":"","background-repeat":"repeat","background-position":"center center","background-size":"auto","background-attachment":"scroll","background-type":"","background-media":"","overlay-type":"","overlay-color":"","overlay-opacity":"","overlay-gradient":""},"tablet":{"background-color":"var(--ast-global-color-5)","background-image":"","background-repeat":"repeat","background-position":"center center","background-size":"auto","background-attachment":"scroll","background-type":"","background-media":"","overlay-type":"","overlay-color":"","overlay-opacity":"","overlay-gradient":""},"mobile":{"background-color":"var(--ast-global-color-5)","background-image":"","background-repeat":"repeat","background-position":"center center","background-size":"auto","background-attachment":"scroll","background-type":"","background-media":"","overlay-type":"","overlay-color":"","overlay-opacity":"","overlay-gradient":""}},"footnotes":""},"categories":[19],"tags":[],"class_list":["post-9973","post","type-post","status-publish","format-standard","hentry","category-ibague"],"yoast_head":"<!-- This site is optimized with the Yoast SEO plugin v27.4 - https:\/\/yoast.com\/product\/yoast-seo-wordpress\/ -->\n<title>Hoy ser\u00e1 la celebraci\u00f3n del d\u00eda de los ni\u00f1os en el Parque Deportivo - El Confesionario<\/title>\n<meta name=\"robots\" content=\"index, follow, max-snippet:-1, max-image-preview:large, max-video-preview:-1\" \/>\n<link rel=\"canonical\" href=\"https:\/\/confesionario.co\/w\/hoy-sera-la-celebracion-del-dia-de-los-ninos-en-el-parque-deportivo\/\" \/>\n<meta property=\"og:locale\" content=\"es_ES\" \/>\n<meta property=\"og:type\" content=\"article\" \/>\n<meta property=\"og:title\" content=\"Hoy ser\u00e1 la celebraci\u00f3n del d\u00eda de los ni\u00f1os en el Parque Deportivo - El Confesionario\" \/>\n<meta property=\"og:description\" content=\"Los peque\u00f1os disfrutar\u00e1n de un show musical en vivo de las pel\u00edculas \u2018Encanto\u2019 y \u2018La Sirenita\u2019.\" \/>\n<meta property=\"og:url\" content=\"https:\/\/confesionario.co\/w\/hoy-sera-la-celebracion-del-dia-de-los-ninos-en-el-parque-deportivo\/\" \/>\n<meta property=\"og:site_name\" content=\"El Confesionario\" \/>\n<meta property=\"article:published_time\" content=\"2022-10-30T02:37:04+00:00\" \/>\n<meta name=\"author\" content=\"admin\" \/>\n<meta name=\"twitter:card\" content=\"summary_large_image\" \/>\n<meta name=\"twitter:label1\" content=\"Escrito por\" \/>\n\t<meta name=\"twitter:data1\" content=\"admin\" \/>\n\t<meta name=\"twitter:label2\" content=\"Tiempo de lectura\" \/>\n\t<meta name=\"twitter:data2\" content=\"1 minuto\" \/>\n<script type=\"application\/ld+json\" class=\"yoast-schema-graph\">{\"@context\":\"https:\\\/\\\/schema.org\",\"@graph\":[{\"@type\":\"Article\",\"@id\":\"https:\\\/\\\/confesionario.co\\\/w\\\/hoy-sera-la-celebracion-del-dia-de-los-ninos-en-el-parque-deportivo\\\/#article\",\"isPartOf\":{\"@id\":\"https:\\\/\\\/confesionario.co\\\/w\\\/hoy-sera-la-celebracion-del-dia-de-los-ninos-en-el-parque-deportivo\\\/\"},\"author\":{\"name\":\"admin\",\"@id\":\"https:\\\/\\\/confesionario.co\\\/w\\\/#\\\/schema\\\/person\\\/85e99333497749318afab96ea0cc2342\"},\"headline\":\"Hoy ser\u00e1 la celebraci\u00f3n del d\u00eda de los ni\u00f1os en el Parque Deportivo\",\"datePublished\":\"2022-10-30T02:37:04+00:00\",\"mainEntityOfPage\":{\"@id\":\"https:\\\/\\\/confesionario.co\\\/w\\\/hoy-sera-la-celebracion-del-dia-de-los-ninos-en-el-parque-deportivo\\\/\"},\"wordCount\":262,\"commentCount\":0,\"publisher\":{\"@id\":\"https:\\\/\\\/confesionario.co\\\/w\\\/#organization\"},\"articleSection\":[\"Ibagu\u00e9\"],\"inLanguage\":\"es\",\"potentialAction\":[{\"@type\":\"CommentAction\",\"name\":\"Comment\",\"target\":[\"https:\\\/\\\/confesionario.co\\\/w\\\/hoy-sera-la-celebracion-del-dia-de-los-ninos-en-el-parque-deportivo\\\/#respond\"]}]},{\"@type\":\"WebPage\",\"@id\":\"https:\\\/\\\/confesionario.co\\\/w\\\/hoy-sera-la-celebracion-del-dia-de-los-ninos-en-el-parque-deportivo\\\/\",\"url\":\"https:\\\/\\\/confesionario.co\\\/w\\\/hoy-sera-la-celebracion-del-dia-de-los-ninos-en-el-parque-deportivo\\\/\",\"name\":\"Hoy ser\u00e1 la celebraci\u00f3n del d\u00eda de los ni\u00f1os en el Parque Deportivo - El Confesionario\",\"isPartOf\":{\"@id\":\"https:\\\/\\\/confesionario.co\\\/w\\\/#website\"},\"datePublished\":\"2022-10-30T02:37:04+00:00\",\"breadcrumb\":{\"@id\":\"https:\\\/\\\/confesionario.co\\\/w\\\/hoy-sera-la-celebracion-del-dia-de-los-ninos-en-el-parque-deportivo\\\/#breadcrumb\"},\"inLanguage\":\"es\",\"potentialAction\":[{\"@type\":\"ReadAction\",\"target\":[\"https:\\\/\\\/confesionario.co\\\/w\\\/hoy-sera-la-celebracion-del-dia-de-los-ninos-en-el-parque-deportivo\\\/\"]}]},{\"@type\":\"BreadcrumbList\",\"@id\":\"https:\\\/\\\/confesionario.co\\\/w\\\/hoy-sera-la-celebracion-del-dia-de-los-ninos-en-el-parque-deportivo\\\/#breadcrumb\",\"itemListElement\":[{\"@type\":\"ListItem\",\"position\":1,\"name\":\"Portada\",\"item\":\"https:\\\/\\\/confesionario.co\\\/w\\\/\"},{\"@type\":\"ListItem\",\"position\":2,\"name\":\"Hoy ser\u00e1 la celebraci\u00f3n del d\u00eda de los ni\u00f1os en el Parque Deportivo\"}]},{\"@type\":\"WebSite\",\"@id\":\"https:\\\/\\\/confesionario.co\\\/w\\\/#website\",\"url\":\"https:\\\/\\\/confesionario.co\\\/w\\\/\",\"name\":\"El Confesionario\",\"description\":\"\",\"publisher\":{\"@id\":\"https:\\\/\\\/confesionario.co\\\/w\\\/#organization\"},\"potentialAction\":[{\"@type\":\"SearchAction\",\"target\":{\"@type\":\"EntryPoint\",\"urlTemplate\":\"https:\\\/\\\/confesionario.co\\\/w\\\/?s={search_term_string}\"},\"query-input\":{\"@type\":\"PropertyValueSpecification\",\"valueRequired\":true,\"valueName\":\"search_term_string\"}}],\"inLanguage\":\"es\"},{\"@type\":\"Organization\",\"@id\":\"https:\\\/\\\/confesionario.co\\\/w\\\/#organization\",\"name\":\"El Confesionario\",\"url\":\"https:\\\/\\\/confesionario.co\\\/w\\\/\",\"logo\":{\"@type\":\"ImageObject\",\"inLanguage\":\"es\",\"@id\":\"https:\\\/\\\/confesionario.co\\\/w\\\/#\\\/schema\\\/logo\\\/image\\\/\",\"url\":\"https:\\\/\\\/confesionario.co\\\/w\\\/wp-content\\\/uploads\\\/2026\\\/02\\\/confesionario-horizontal.png\",\"contentUrl\":\"https:\\\/\\\/confesionario.co\\\/w\\\/wp-content\\\/uploads\\\/2026\\\/02\\\/confesionario-horizontal.png\",\"width\":581,\"height\":148,\"caption\":\"El Confesionario\"},\"image\":{\"@id\":\"https:\\\/\\\/confesionario.co\\\/w\\\/#\\\/schema\\\/logo\\\/image\\\/\"}},{\"@type\":\"Person\",\"@id\":\"https:\\\/\\\/confesionario.co\\\/w\\\/#\\\/schema\\\/person\\\/85e99333497749318afab96ea0cc2342\",\"name\":\"admin\",\"image\":{\"@type\":\"ImageObject\",\"inLanguage\":\"es\",\"@id\":\"https:\\\/\\\/secure.gravatar.com\\\/avatar\\\/f3358fe09cfbbfc24265a18ea411b8ee8e54296a50fb17d8acf3cffca66240d2?s=96&d=mm&r=g\",\"url\":\"https:\\\/\\\/secure.gravatar.com\\\/avatar\\\/f3358fe09cfbbfc24265a18ea411b8ee8e54296a50fb17d8acf3cffca66240d2?s=96&d=mm&r=g\",\"contentUrl\":\"https:\\\/\\\/secure.gravatar.com\\\/avatar\\\/f3358fe09cfbbfc24265a18ea411b8ee8e54296a50fb17d8acf3cffca66240d2?s=96&d=mm&r=g\",\"caption\":\"admin\"},\"sameAs\":[\"https:\\\/\\\/elconfesionario.co\\\/w\"],\"url\":\"https:\\\/\\\/confesionario.co\\\/w\\\/author\\\/osabuena\\\/\"}]}<\/script>\n<!-- \/ Yoast SEO plugin. -->","yoast_head_json":{"title":"Hoy ser\u00e1 la celebraci\u00f3n del d\u00eda de los ni\u00f1os en el Parque Deportivo - El Confesionario","robots":{"index":"index","follow":"follow","max-snippet":"max-snippet:-1","max-image-preview":"max-image-preview:large","max-video-preview":"max-video-preview:-1"},"canonical":"https:\/\/confesionario.co\/w\/hoy-sera-la-celebracion-del-dia-de-los-ninos-en-el-parque-deportivo\/","og_locale":"es_ES","og_type":"article","og_title":"Hoy ser\u00e1 la celebraci\u00f3n del d\u00eda de los ni\u00f1os en el Parque Deportivo - El Confesionario","og_description":"Los peque\u00f1os disfrutar\u00e1n de un show musical en vivo de las pel\u00edculas \u2018Encanto\u2019 y \u2018La Sirenita\u2019.","og_url":"https:\/\/confesionario.co\/w\/hoy-sera-la-celebracion-del-dia-de-los-ninos-en-el-parque-deportivo\/","og_site_name":"El Confesionario","article_published_time":"2022-10-30T02:37:04+00:00","author":"admin","twitter_card":"summary_large_image","twitter_misc":{"Escrito por":"admin","Tiempo de lectura":"1 minuto"},"schema":{"@context":"https:\/\/schema.org","@graph":[{"@type":"Article","@id":"https:\/\/confesionario.co\/w\/hoy-sera-la-celebracion-del-dia-de-los-ninos-en-el-parque-deportivo\/#article","isPartOf":{"@id":"https:\/\/confesionario.co\/w\/hoy-sera-la-celebracion-del-dia-de-los-ninos-en-el-parque-deportivo\/"},"author":{"name":"admin","@id":"https:\/\/confesionario.co\/w\/#\/schema\/person\/85e99333497749318afab96ea0cc2342"},"headline":"Hoy ser\u00e1 la celebraci\u00f3n del d\u00eda de los ni\u00f1os en el Parque Deportivo","datePublished":"2022-10-30T02:37:04+00:00","mainEntityOfPage":{"@id":"https:\/\/confesionario.co\/w\/hoy-sera-la-celebracion-del-dia-de-los-ninos-en-el-parque-deportivo\/"},"wordCount":262,"commentCount":0,"publisher":{"@id":"https:\/\/confesionario.co\/w\/#organization"},"articleSection":["Ibagu\u00e9"],"inLanguage":"es","potentialAction":[{"@type":"CommentAction","name":"Comment","target":["https:\/\/confesionario.co\/w\/hoy-sera-la-celebracion-del-dia-de-los-ninos-en-el-parque-deportivo\/#respond"]}]},{"@type":"WebPage","@id":"https:\/\/confesionario.co\/w\/hoy-sera-la-celebracion-del-dia-de-los-ninos-en-el-parque-deportivo\/","url":"https:\/\/confesionario.co\/w\/hoy-sera-la-celebracion-del-dia-de-los-ninos-en-el-parque-deportivo\/","name":"Hoy ser\u00e1 la celebraci\u00f3n del d\u00eda de los ni\u00f1os en el Parque Deportivo - El Confesionario","isPartOf":{"@id":"https:\/\/confesionario.co\/w\/#website"},"datePublished":"2022-10-30T02:37:04+00:00","breadcrumb":{"@id":"https:\/\/confesionario.co\/w\/hoy-sera-la-celebracion-del-dia-de-los-ninos-en-el-parque-deportivo\/#breadcrumb"},"inLanguage":"es","potentialAction":[{"@type":"ReadAction","target":["https:\/\/confesionario.co\/w\/hoy-sera-la-celebracion-del-dia-de-los-ninos-en-el-parque-deportivo\/"]}]},{"@type":"BreadcrumbList","@id":"https:\/\/confesionario.co\/w\/hoy-sera-la-celebracion-del-dia-de-los-ninos-en-el-parque-deportivo\/#breadcrumb","itemListElement":[{"@type":"ListItem","position":1,"name":"Portada","item":"https:\/\/confesionario.co\/w\/"},{"@type":"ListItem","position":2,"name":"Hoy ser\u00e1 la celebraci\u00f3n del d\u00eda de los ni\u00f1os en el Parque Deportivo"}]},{"@type":"WebSite","@id":"https:\/\/confesionario.co\/w\/#website","url":"https:\/\/confesionario.co\/w\/","name":"El Confesionario","description":"","publisher":{"@id":"https:\/\/confesionario.co\/w\/#organization"},"potentialAction":[{"@type":"SearchAction","target":{"@type":"EntryPoint","urlTemplate":"https:\/\/confesionario.co\/w\/?s={search_term_string}"},"query-input":{"@type":"PropertyValueSpecification","valueRequired":true,"valueName":"search_term_string"}}],"inLanguage":"es"},{"@type":"Organization","@id":"https:\/\/confesionario.co\/w\/#organization","name":"El Confesionario","url":"https:\/\/confesionario.co\/w\/","logo":{"@type":"ImageObject","inLanguage":"es","@id":"https:\/\/confesionario.co\/w\/#\/schema\/logo\/image\/","url":"https:\/\/confesionario.co\/w\/wp-content\/uploads\/2026\/02\/confesionario-horizontal.png","contentUrl":"https:\/\/confesionario.co\/w\/wp-content\/uploads\/2026\/02\/confesionario-horizontal.png","width":581,"height":148,"caption":"El Confesionario"},"image":{"@id":"https:\/\/confesionario.co\/w\/#\/schema\/logo\/image\/"}},{"@type":"Person","@id":"https:\/\/confesionario.co\/w\/#\/schema\/person\/85e99333497749318afab96ea0cc2342","name":"admin","image":{"@type":"ImageObject","inLanguage":"es","@id":"https:\/\/secure.gravatar.com\/avatar\/f3358fe09cfbbfc24265a18ea411b8ee8e54296a50fb17d8acf3cffca66240d2?s=96&d=mm&r=g","url":"https:\/\/secure.gravatar.com\/avatar\/f3358fe09cfbbfc24265a18ea411b8ee8e54296a50fb17d8acf3cffca66240d2?s=96&d=mm&r=g","contentUrl":"https:\/\/secure.gravatar.com\/avatar\/f3358fe09cfbbfc24265a18ea411b8ee8e54296a50fb17d8acf3cffca66240d2?s=96&d=mm&r=g","caption":"admin"},"sameAs":["https:\/\/elconfesionario.co\/w"],"url":"https:\/\/confesionario.co\/w\/author\/osabuena\/"}]}},"jetpack_featured_media_url":"","_links":{"self":[{"href":"https:\/\/confesionario.co\/w\/wp-json\/wp\/v2\/posts\/9973","targetHints":{"allow":["GET"]}}],"collection":[{"href":"https:\/\/confesionario.co\/w\/wp-json\/wp\/v2\/posts"}],"about":[{"href":"https:\/\/confesionario.co\/w\/wp-json\/wp\/v2\/types\/post"}],"author":[{"embeddable":true,"href":"https:\/\/confesionario.co\/w\/wp-json\/wp\/v2\/users\/1"}],"replies":[{"embeddable":true,"href":"https:\/\/confesionario.co\/w\/wp-json\/wp\/v2\/comments?post=9973"}],"version-history":[{"count":0,"href":"https:\/\/confesionario.co\/w\/wp-json\/wp\/v2\/posts\/9973\/revisions"}],"wp:attachment":[{"href":"https:\/\/confesionario.co\/w\/wp-json\/wp\/v2\/media?parent=9973"}],"wp:term":[{"taxonomy":"category","embeddable":true,"href":"https:\/\/confesionario.co\/w\/wp-json\/wp\/v2\/categories?post=9973"},{"taxonomy":"post_tag","embeddable":true,"href":"https:\/\/confesionario.co\/w\/wp-json\/wp\/v2\/tags?post=9973"}],"curies":[{"name":"wp","href":"https:\/\/api.w.org\/{rel}","templated":true}]}}