{"id":9974,"date":"2022-10-30T02:40:49","date_gmt":"2022-10-30T02:40:49","guid":{"rendered":"https:\/\/confesionario.co\/w\/gobernacion-del-tolima-socializo-el-presupuesto-para-la-vigencia-2023-ante-la-asamblea\/"},"modified":"2022-10-30T02:40:49","modified_gmt":"2022-10-30T02:40:49","slug":"gobernacion-del-tolima-socializo-el-presupuesto-para-la-vigencia-2023-ante-la-asamblea","status":"publish","type":"post","link":"https:\/\/confesionario.co\/w\/gobernacion-del-tolima-socializo-el-presupuesto-para-la-vigencia-2023-ante-la-asamblea\/","title":{"rendered":"Gobernaci\u00f3n del Tolima socializ\u00f3 el presupuesto para la vigencia 2023 ante la Asamblea"},"content":{"rendered":"<p class=\\\"MsoNormal\\\" style=\\\"text-align: justify;\\\"><span style=\\\"font-size: 12.0pt; line-height: 107%; font-family: \\'Arial\\',sans-serif;\\\">El rubro destinado para la vigencia del pr\u00f3ximo a\u00f1o proyecta una inversi\u00f3n de m\u00e1s de $921.800 millones.<\/span><\/p>\n<p><!--more--><\/p>\n<p class=\\\"MsoNormal\\\" style=\\\"text-align: justify;\\\"><span style=\\\"font-size: 12.0pt; line-height: 107%; font-family: \\'Arial\\',sans-serif;\\\">Es decir que representa el 74.7% de participaci\u00f3n porcentual del presupuesto, beneficiando diferentes sectores como educaci\u00f3n, salud, agua potable, desarrollo econ\u00f3mico, agropecuario, proyectos de vivienda, seguridad, cultura, deporte, turismo, etc.<\/span><\/p>\n<p class=\\\"MsoNormal\\\" style=\\\"text-align: justify;\\\"><span style=\\\"font-size: 12.0pt; line-height: 107%; font-family: \\'Arial\\',sans-serif;\\\">El presupuesto presentado a la Asamblea, cumple con los indicadores de responsabilidad fiscal como son las leyes 617 de 2000, 358 de 1997 y 819 del 2003. As\u00ed mismo, se realiz\u00f3 a partir de un ejercicio responsable al determinar las fuentes de los ingresos y gastos para no generar d\u00e9ficit, garantizando la sostenibilidad fiscal de la entidad.<\/span><\/p>\n<p class=\\\"MsoNormal\\\" style=\\\"text-align: justify;\\\"><span style=\\\"font-size: 12.0pt; line-height: 107%; font-family: \\'Arial\\',sans-serif;\\\">En el marco de unas mesas de trabajo, en la Comisi\u00f3n de Presupuesto de la Duma, se han venido realizando una serie de socializaciones del Proyecto de Ordenanza 036 del 07 de octubre de 2022, \u201cPor medio de la cual se aprueba el presupuesto general del departamento del Tolima, para la vigencia fiscal comprendida del Primero de enero al 31 de diciembre de 2023\u201d.<\/span><\/p>\n<p class=\\\"MsoNormal\\\" style=\\\"text-align: justify;\\\"><span style=\\\"font-size: 12.0pt; line-height: 107%; font-family: \\'Arial\\',sans-serif;\\\">En este ejercicio, la Secretar\u00eda de Hacienda departamental ha explicado las seis fuentes que compone el presupuesto para la vigencia 2023:<\/span><\/p>\n<p class=\\\"MsoNormal\\\" style=\\\"text-align: justify;\\\"><span style=\\\"font-size: 12.0pt; line-height: 107%; font-family: \\'Arial\\',sans-serif;\\\">1.<span style=\\\"mso-tab-count: 1;\\\">\u00a0\u00a0\u00a0\u00a0\u00a0\u00a0\u00a0\u00a0 <\/span>Ingresos corrientes de libre destinaci\u00f3n: avaluado en $239.000 millones, que le permiten al gobernador del Tolima, Ricardo Orozco Valero, otorgar las diferentes inversiones a cada uno de los sectores del departamento. <\/span><\/p>\n<p class=\\\"MsoNormal\\\" style=\\\"text-align: justify;\\\"><span style=\\\"font-size: 12.0pt; line-height: 107%; font-family: \\'Arial\\',sans-serif;\\\">2.<span style=\\\"mso-tab-count: 1;\\\">\u00a0\u00a0\u00a0\u00a0\u00a0\u00a0\u00a0\u00a0 <\/span>Otros recursos de libre destinaci\u00f3n: Con una cifra cercana a los $20.500 millones.<\/span><\/p>\n<p class=\\\"MsoNormal\\\" style=\\\"text-align: justify;\\\"><span style=\\\"font-size: 12.0pt; line-height: 107%; font-family: \\'Arial\\',sans-serif;\\\">3. Recursos con destinaci\u00f3n especifica: $177.000 millones para los sectores de educaci\u00f3n, salud, deportes, entre otros.<\/span><\/p>\n<p class=\\\"MsoNormal\\\" style=\\\"text-align: justify;\\\"><span style=\\\"font-size: 12.0pt; line-height: 107%; font-family: \\'Arial\\',sans-serif;\\\">4. Sistema general de participaciones: $681.000 millones proyectados para la salud, educaci\u00f3n, agua potable y saneamiento b\u00e1sico. <\/span><\/p>\n<p class=\\\"MsoNormal\\\" style=\\\"text-align: justify;\\\"><span style=\\\"font-size: 12.0pt; line-height: 107%; font-family: \\'Arial\\',sans-serif;\\\">5. Rentas cedidas: $69.125. millones, espec\u00edficamente para la salud.<\/span><\/p>\n<p class=\\\"MsoNormal\\\" style=\\\"text-align: justify;\\\"><span style=\\\"font-size: 12.0pt; line-height: 107%; font-family: \\'Arial\\',sans-serif;\\\">6. Recursos de la Naci\u00f3n: Evaluados en $46.400 millones para educaci\u00f3n e infraestructura.<\/span><\/p>\n<p class=\\\"MsoNormal\\\" style=\\\"text-align: justify;\\\"><span style=\\\"font-size: 12.0pt; line-height: 107%; font-family: \\'Arial\\',sans-serif;\\\">Teniendo en cuenta el ejercicio comparativo del presupuesto de la vigencia 2023 con el del a\u00f1o en curso, se programa un crecimiento del 3% solamente en inversi\u00f3n. \u201cEstamos hablando de m\u00e1s de 29.700 millones de pesos que se van a inversiones nuevas en los diferentes sectores para el departamento\u201d, puntualiz\u00f3 la secretaria de Hacienda, Mar\u00eda del Carmen Mu\u00f1oz. <\/span><\/p>\n<p class=\\\"MsoNormal\\\" style=\\\"text-align: justify;\\\"><span style=\\\"font-size: 12.0pt; line-height: 107%; font-family: \\'Arial\\',sans-serif;\\\">As\u00ed mismo, se proyecta un crecimiento cercano al 24% del recaudo de los diferentes impuestos, \u201ces decir, vamos a tener un crecimiento superior a los $46.108 millones de pesos. Es un esfuerzo que vamos a hacer con el apoyo de los contribuyentes para que podamos suplir las necesidades del departamento\u201d, mencion\u00f3 la funcionaria.<\/span><\/p>\n<p class=\\\"MsoNormal\\\" style=\\\"text-align: justify;\\\"><span style=\\\"font-size: 12.0pt; line-height: 107%; font-family: \\'Arial\\',sans-serif;\\\">Por otra parte, el proyecto de ordenanza que se socializa en la Duma, contempla la deuda p\u00fablica de la Gobernaci\u00f3n del Tolima, con un porcentaje de participaci\u00f3n del 4.5 % del total del presupuesto.<\/span><\/p>\n<p class=\\\"MsoNormal\\\" style=\\\"text-align: justify;\\\"><span style=\\\"font-size: 12.0pt; line-height: 107%; font-family: \\'Arial\\',sans-serif;\\\">El tr\u00e1mite de la iniciativa presentada por el gobierno \\\u00bbEl Tolima nos Une\\\u00bb, busca fortalecer los ejes de Equidad, Competitividad, Sostenibilidad y Gobernabilidad, seguir\u00e1 su curso en la Asamblea Departamental.<\/span><\/p>\n","protected":false},"excerpt":{"rendered":"<p>El rubro destinado para la vigencia del pr\u00f3ximo a\u00f1o proyecta una inversi\u00f3n de m\u00e1s de $921.800 millones.<\/p>\n","protected":false},"author":1,"featured_media":0,"comment_status":"open","ping_status":"open","sticky":false,"template":"","format":"standard","meta":{"site-sidebar-layout":"default","site-content-layout":"","ast-site-content-layout":"default","site-content-style":"default","site-sidebar-style":"default","ast-global-header-display":"","ast-banner-title-visibility":"","ast-main-header-display":"","ast-hfb-above-header-display":"","ast-hfb-below-header-display":"","ast-hfb-mobile-header-display":"","site-post-title":"","ast-breadcrumbs-content":"","ast-featured-img":"","footer-sml-layout":"","ast-disable-related-posts":"","theme-transparent-header-meta":"","adv-header-id-meta":"","stick-header-meta":"","header-above-stick-meta":"","header-main-stick-meta":"","header-below-stick-meta":"","astra-migrate-meta-layouts":"default","ast-page-background-enabled":"default","ast-page-background-meta":{"desktop":{"background-color":"var(--ast-global-color-4)","background-image":"","background-repeat":"repeat","background-position":"center center","background-size":"auto","background-attachment":"scroll","background-type":"","background-media":"","overlay-type":"","overlay-color":"","overlay-opacity":"","overlay-gradient":""},"tablet":{"background-color":"","background-image":"","background-repeat":"repeat","background-position":"center center","background-size":"auto","background-attachment":"scroll","background-type":"","background-media":"","overlay-type":"","overlay-color":"","overlay-opacity":"","overlay-gradient":""},"mobile":{"background-color":"","background-image":"","background-repeat":"repeat","background-position":"center center","background-size":"auto","background-attachment":"scroll","background-type":"","background-media":"","overlay-type":"","overlay-color":"","overlay-opacity":"","overlay-gradient":""}},"ast-content-background-meta":{"desktop":{"background-color":"var(--ast-global-color-5)","background-image":"","background-repeat":"repeat","background-position":"center center","background-size":"auto","background-attachment":"scroll","background-type":"","background-media":"","overlay-type":"","overlay-color":"","overlay-opacity":"","overlay-gradient":""},"tablet":{"background-color":"var(--ast-global-color-5)","background-image":"","background-repeat":"repeat","background-position":"center center","background-size":"auto","background-attachment":"scroll","background-type":"","background-media":"","overlay-type":"","overlay-color":"","overlay-opacity":"","overlay-gradient":""},"mobile":{"background-color":"var(--ast-global-color-5)","background-image":"","background-repeat":"repeat","background-position":"center center","background-size":"auto","background-attachment":"scroll","background-type":"","background-media":"","overlay-type":"","overlay-color":"","overlay-opacity":"","overlay-gradient":""}},"footnotes":""},"categories":[17],"tags":[],"class_list":["post-9974","post","type-post","status-publish","format-standard","hentry","category-otras-cofesiones"],"yoast_head":"<!-- This site is optimized with the Yoast SEO plugin v27.4 - https:\/\/yoast.com\/product\/yoast-seo-wordpress\/ -->\n<title>Gobernaci\u00f3n del Tolima socializ\u00f3 el presupuesto para la vigencia 2023 ante la Asamblea - El Confesionario<\/title>\n<meta name=\"robots\" content=\"index, follow, max-snippet:-1, max-image-preview:large, max-video-preview:-1\" \/>\n<link rel=\"canonical\" href=\"https:\/\/confesionario.co\/w\/gobernacion-del-tolima-socializo-el-presupuesto-para-la-vigencia-2023-ante-la-asamblea\/\" \/>\n<meta property=\"og:locale\" content=\"es_ES\" \/>\n<meta property=\"og:type\" content=\"article\" \/>\n<meta property=\"og:title\" content=\"Gobernaci\u00f3n del Tolima socializ\u00f3 el presupuesto para la vigencia 2023 ante la Asamblea - El Confesionario\" \/>\n<meta property=\"og:description\" content=\"El rubro destinado para la vigencia del pr\u00f3ximo a\u00f1o proyecta una inversi\u00f3n de m\u00e1s de $921.800 millones.\" \/>\n<meta property=\"og:url\" content=\"https:\/\/confesionario.co\/w\/gobernacion-del-tolima-socializo-el-presupuesto-para-la-vigencia-2023-ante-la-asamblea\/\" \/>\n<meta property=\"og:site_name\" content=\"El Confesionario\" \/>\n<meta property=\"article:published_time\" content=\"2022-10-30T02:40:49+00:00\" \/>\n<meta name=\"author\" content=\"admin\" \/>\n<meta name=\"twitter:card\" content=\"summary_large_image\" \/>\n<meta name=\"twitter:label1\" content=\"Escrito por\" \/>\n\t<meta name=\"twitter:data1\" content=\"admin\" \/>\n\t<meta name=\"twitter:label2\" content=\"Tiempo de lectura\" \/>\n\t<meta name=\"twitter:data2\" content=\"2 minutos\" \/>\n<script type=\"application\/ld+json\" class=\"yoast-schema-graph\">{\"@context\":\"https:\\\/\\\/schema.org\",\"@graph\":[{\"@type\":\"Article\",\"@id\":\"https:\\\/\\\/confesionario.co\\\/w\\\/gobernacion-del-tolima-socializo-el-presupuesto-para-la-vigencia-2023-ante-la-asamblea\\\/#article\",\"isPartOf\":{\"@id\":\"https:\\\/\\\/confesionario.co\\\/w\\\/gobernacion-del-tolima-socializo-el-presupuesto-para-la-vigencia-2023-ante-la-asamblea\\\/\"},\"author\":{\"name\":\"admin\",\"@id\":\"https:\\\/\\\/confesionario.co\\\/w\\\/#\\\/schema\\\/person\\\/85e99333497749318afab96ea0cc2342\"},\"headline\":\"Gobernaci\u00f3n del Tolima socializ\u00f3 el presupuesto para la vigencia 2023 ante la Asamblea\",\"datePublished\":\"2022-10-30T02:40:49+00:00\",\"mainEntityOfPage\":{\"@id\":\"https:\\\/\\\/confesionario.co\\\/w\\\/gobernacion-del-tolima-socializo-el-presupuesto-para-la-vigencia-2023-ante-la-asamblea\\\/\"},\"wordCount\":473,\"commentCount\":0,\"publisher\":{\"@id\":\"https:\\\/\\\/confesionario.co\\\/w\\\/#organization\"},\"articleSection\":[\"Otras confesiones\"],\"inLanguage\":\"es\",\"potentialAction\":[{\"@type\":\"CommentAction\",\"name\":\"Comment\",\"target\":[\"https:\\\/\\\/confesionario.co\\\/w\\\/gobernacion-del-tolima-socializo-el-presupuesto-para-la-vigencia-2023-ante-la-asamblea\\\/#respond\"]}]},{\"@type\":\"WebPage\",\"@id\":\"https:\\\/\\\/confesionario.co\\\/w\\\/gobernacion-del-tolima-socializo-el-presupuesto-para-la-vigencia-2023-ante-la-asamblea\\\/\",\"url\":\"https:\\\/\\\/confesionario.co\\\/w\\\/gobernacion-del-tolima-socializo-el-presupuesto-para-la-vigencia-2023-ante-la-asamblea\\\/\",\"name\":\"Gobernaci\u00f3n del Tolima socializ\u00f3 el presupuesto para la vigencia 2023 ante la Asamblea - El Confesionario\",\"isPartOf\":{\"@id\":\"https:\\\/\\\/confesionario.co\\\/w\\\/#website\"},\"datePublished\":\"2022-10-30T02:40:49+00:00\",\"breadcrumb\":{\"@id\":\"https:\\\/\\\/confesionario.co\\\/w\\\/gobernacion-del-tolima-socializo-el-presupuesto-para-la-vigencia-2023-ante-la-asamblea\\\/#breadcrumb\"},\"inLanguage\":\"es\",\"potentialAction\":[{\"@type\":\"ReadAction\",\"target\":[\"https:\\\/\\\/confesionario.co\\\/w\\\/gobernacion-del-tolima-socializo-el-presupuesto-para-la-vigencia-2023-ante-la-asamblea\\\/\"]}]},{\"@type\":\"BreadcrumbList\",\"@id\":\"https:\\\/\\\/confesionario.co\\\/w\\\/gobernacion-del-tolima-socializo-el-presupuesto-para-la-vigencia-2023-ante-la-asamblea\\\/#breadcrumb\",\"itemListElement\":[{\"@type\":\"ListItem\",\"position\":1,\"name\":\"Portada\",\"item\":\"https:\\\/\\\/confesionario.co\\\/w\\\/\"},{\"@type\":\"ListItem\",\"position\":2,\"name\":\"Gobernaci\u00f3n del Tolima socializ\u00f3 el presupuesto para la vigencia 2023 ante la Asamblea\"}]},{\"@type\":\"WebSite\",\"@id\":\"https:\\\/\\\/confesionario.co\\\/w\\\/#website\",\"url\":\"https:\\\/\\\/confesionario.co\\\/w\\\/\",\"name\":\"El Confesionario\",\"description\":\"\",\"publisher\":{\"@id\":\"https:\\\/\\\/confesionario.co\\\/w\\\/#organization\"},\"potentialAction\":[{\"@type\":\"SearchAction\",\"target\":{\"@type\":\"EntryPoint\",\"urlTemplate\":\"https:\\\/\\\/confesionario.co\\\/w\\\/?s={search_term_string}\"},\"query-input\":{\"@type\":\"PropertyValueSpecification\",\"valueRequired\":true,\"valueName\":\"search_term_string\"}}],\"inLanguage\":\"es\"},{\"@type\":\"Organization\",\"@id\":\"https:\\\/\\\/confesionario.co\\\/w\\\/#organization\",\"name\":\"El Confesionario\",\"url\":\"https:\\\/\\\/confesionario.co\\\/w\\\/\",\"logo\":{\"@type\":\"ImageObject\",\"inLanguage\":\"es\",\"@id\":\"https:\\\/\\\/confesionario.co\\\/w\\\/#\\\/schema\\\/logo\\\/image\\\/\",\"url\":\"https:\\\/\\\/confesionario.co\\\/w\\\/wp-content\\\/uploads\\\/2026\\\/02\\\/confesionario-horizontal.png\",\"contentUrl\":\"https:\\\/\\\/confesionario.co\\\/w\\\/wp-content\\\/uploads\\\/2026\\\/02\\\/confesionario-horizontal.png\",\"width\":581,\"height\":148,\"caption\":\"El Confesionario\"},\"image\":{\"@id\":\"https:\\\/\\\/confesionario.co\\\/w\\\/#\\\/schema\\\/logo\\\/image\\\/\"}},{\"@type\":\"Person\",\"@id\":\"https:\\\/\\\/confesionario.co\\\/w\\\/#\\\/schema\\\/person\\\/85e99333497749318afab96ea0cc2342\",\"name\":\"admin\",\"image\":{\"@type\":\"ImageObject\",\"inLanguage\":\"es\",\"@id\":\"https:\\\/\\\/secure.gravatar.com\\\/avatar\\\/f3358fe09cfbbfc24265a18ea411b8ee8e54296a50fb17d8acf3cffca66240d2?s=96&d=mm&r=g\",\"url\":\"https:\\\/\\\/secure.gravatar.com\\\/avatar\\\/f3358fe09cfbbfc24265a18ea411b8ee8e54296a50fb17d8acf3cffca66240d2?s=96&d=mm&r=g\",\"contentUrl\":\"https:\\\/\\\/secure.gravatar.com\\\/avatar\\\/f3358fe09cfbbfc24265a18ea411b8ee8e54296a50fb17d8acf3cffca66240d2?s=96&d=mm&r=g\",\"caption\":\"admin\"},\"sameAs\":[\"https:\\\/\\\/elconfesionario.co\\\/w\"],\"url\":\"https:\\\/\\\/confesionario.co\\\/w\\\/author\\\/osabuena\\\/\"}]}<\/script>\n<!-- \/ Yoast SEO plugin. -->","yoast_head_json":{"title":"Gobernaci\u00f3n del Tolima socializ\u00f3 el presupuesto para la vigencia 2023 ante la Asamblea - El Confesionario","robots":{"index":"index","follow":"follow","max-snippet":"max-snippet:-1","max-image-preview":"max-image-preview:large","max-video-preview":"max-video-preview:-1"},"canonical":"https:\/\/confesionario.co\/w\/gobernacion-del-tolima-socializo-el-presupuesto-para-la-vigencia-2023-ante-la-asamblea\/","og_locale":"es_ES","og_type":"article","og_title":"Gobernaci\u00f3n del Tolima socializ\u00f3 el presupuesto para la vigencia 2023 ante la Asamblea - El Confesionario","og_description":"El rubro destinado para la vigencia del pr\u00f3ximo a\u00f1o proyecta una inversi\u00f3n de m\u00e1s de $921.800 millones.","og_url":"https:\/\/confesionario.co\/w\/gobernacion-del-tolima-socializo-el-presupuesto-para-la-vigencia-2023-ante-la-asamblea\/","og_site_name":"El Confesionario","article_published_time":"2022-10-30T02:40:49+00:00","author":"admin","twitter_card":"summary_large_image","twitter_misc":{"Escrito por":"admin","Tiempo de lectura":"2 minutos"},"schema":{"@context":"https:\/\/schema.org","@graph":[{"@type":"Article","@id":"https:\/\/confesionario.co\/w\/gobernacion-del-tolima-socializo-el-presupuesto-para-la-vigencia-2023-ante-la-asamblea\/#article","isPartOf":{"@id":"https:\/\/confesionario.co\/w\/gobernacion-del-tolima-socializo-el-presupuesto-para-la-vigencia-2023-ante-la-asamblea\/"},"author":{"name":"admin","@id":"https:\/\/confesionario.co\/w\/#\/schema\/person\/85e99333497749318afab96ea0cc2342"},"headline":"Gobernaci\u00f3n del Tolima socializ\u00f3 el presupuesto para la vigencia 2023 ante la Asamblea","datePublished":"2022-10-30T02:40:49+00:00","mainEntityOfPage":{"@id":"https:\/\/confesionario.co\/w\/gobernacion-del-tolima-socializo-el-presupuesto-para-la-vigencia-2023-ante-la-asamblea\/"},"wordCount":473,"commentCount":0,"publisher":{"@id":"https:\/\/confesionario.co\/w\/#organization"},"articleSection":["Otras confesiones"],"inLanguage":"es","potentialAction":[{"@type":"CommentAction","name":"Comment","target":["https:\/\/confesionario.co\/w\/gobernacion-del-tolima-socializo-el-presupuesto-para-la-vigencia-2023-ante-la-asamblea\/#respond"]}]},{"@type":"WebPage","@id":"https:\/\/confesionario.co\/w\/gobernacion-del-tolima-socializo-el-presupuesto-para-la-vigencia-2023-ante-la-asamblea\/","url":"https:\/\/confesionario.co\/w\/gobernacion-del-tolima-socializo-el-presupuesto-para-la-vigencia-2023-ante-la-asamblea\/","name":"Gobernaci\u00f3n del Tolima socializ\u00f3 el presupuesto para la vigencia 2023 ante la Asamblea - El Confesionario","isPartOf":{"@id":"https:\/\/confesionario.co\/w\/#website"},"datePublished":"2022-10-30T02:40:49+00:00","breadcrumb":{"@id":"https:\/\/confesionario.co\/w\/gobernacion-del-tolima-socializo-el-presupuesto-para-la-vigencia-2023-ante-la-asamblea\/#breadcrumb"},"inLanguage":"es","potentialAction":[{"@type":"ReadAction","target":["https:\/\/confesionario.co\/w\/gobernacion-del-tolima-socializo-el-presupuesto-para-la-vigencia-2023-ante-la-asamblea\/"]}]},{"@type":"BreadcrumbList","@id":"https:\/\/confesionario.co\/w\/gobernacion-del-tolima-socializo-el-presupuesto-para-la-vigencia-2023-ante-la-asamblea\/#breadcrumb","itemListElement":[{"@type":"ListItem","position":1,"name":"Portada","item":"https:\/\/confesionario.co\/w\/"},{"@type":"ListItem","position":2,"name":"Gobernaci\u00f3n del Tolima socializ\u00f3 el presupuesto para la vigencia 2023 ante la Asamblea"}]},{"@type":"WebSite","@id":"https:\/\/confesionario.co\/w\/#website","url":"https:\/\/confesionario.co\/w\/","name":"El Confesionario","description":"","publisher":{"@id":"https:\/\/confesionario.co\/w\/#organization"},"potentialAction":[{"@type":"SearchAction","target":{"@type":"EntryPoint","urlTemplate":"https:\/\/confesionario.co\/w\/?s={search_term_string}"},"query-input":{"@type":"PropertyValueSpecification","valueRequired":true,"valueName":"search_term_string"}}],"inLanguage":"es"},{"@type":"Organization","@id":"https:\/\/confesionario.co\/w\/#organization","name":"El Confesionario","url":"https:\/\/confesionario.co\/w\/","logo":{"@type":"ImageObject","inLanguage":"es","@id":"https:\/\/confesionario.co\/w\/#\/schema\/logo\/image\/","url":"https:\/\/confesionario.co\/w\/wp-content\/uploads\/2026\/02\/confesionario-horizontal.png","contentUrl":"https:\/\/confesionario.co\/w\/wp-content\/uploads\/2026\/02\/confesionario-horizontal.png","width":581,"height":148,"caption":"El Confesionario"},"image":{"@id":"https:\/\/confesionario.co\/w\/#\/schema\/logo\/image\/"}},{"@type":"Person","@id":"https:\/\/confesionario.co\/w\/#\/schema\/person\/85e99333497749318afab96ea0cc2342","name":"admin","image":{"@type":"ImageObject","inLanguage":"es","@id":"https:\/\/secure.gravatar.com\/avatar\/f3358fe09cfbbfc24265a18ea411b8ee8e54296a50fb17d8acf3cffca66240d2?s=96&d=mm&r=g","url":"https:\/\/secure.gravatar.com\/avatar\/f3358fe09cfbbfc24265a18ea411b8ee8e54296a50fb17d8acf3cffca66240d2?s=96&d=mm&r=g","contentUrl":"https:\/\/secure.gravatar.com\/avatar\/f3358fe09cfbbfc24265a18ea411b8ee8e54296a50fb17d8acf3cffca66240d2?s=96&d=mm&r=g","caption":"admin"},"sameAs":["https:\/\/elconfesionario.co\/w"],"url":"https:\/\/confesionario.co\/w\/author\/osabuena\/"}]}},"jetpack_featured_media_url":"","_links":{"self":[{"href":"https:\/\/confesionario.co\/w\/wp-json\/wp\/v2\/posts\/9974","targetHints":{"allow":["GET"]}}],"collection":[{"href":"https:\/\/confesionario.co\/w\/wp-json\/wp\/v2\/posts"}],"about":[{"href":"https:\/\/confesionario.co\/w\/wp-json\/wp\/v2\/types\/post"}],"author":[{"embeddable":true,"href":"https:\/\/confesionario.co\/w\/wp-json\/wp\/v2\/users\/1"}],"replies":[{"embeddable":true,"href":"https:\/\/confesionario.co\/w\/wp-json\/wp\/v2\/comments?post=9974"}],"version-history":[{"count":0,"href":"https:\/\/confesionario.co\/w\/wp-json\/wp\/v2\/posts\/9974\/revisions"}],"wp:attachment":[{"href":"https:\/\/confesionario.co\/w\/wp-json\/wp\/v2\/media?parent=9974"}],"wp:term":[{"taxonomy":"category","embeddable":true,"href":"https:\/\/confesionario.co\/w\/wp-json\/wp\/v2\/categories?post=9974"},{"taxonomy":"post_tag","embeddable":true,"href":"https:\/\/confesionario.co\/w\/wp-json\/wp\/v2\/tags?post=9974"}],"curies":[{"name":"wp","href":"https:\/\/api.w.org\/{rel}","templated":true}]}}