{"id":9978,"date":"2022-10-31T12:59:07","date_gmt":"2022-10-31T12:59:07","guid":{"rendered":"https:\/\/confesionario.co\/w\/maria-fernanda-herazo-se-quedo-con-el-titulo-de-la-copa-w25-de-tenis-en-ibague\/"},"modified":"2022-10-31T12:59:07","modified_gmt":"2022-10-31T12:59:07","slug":"maria-fernanda-herazo-se-quedo-con-el-titulo-de-la-copa-w25-de-tenis-en-ibague","status":"publish","type":"post","link":"https:\/\/confesionario.co\/w\/maria-fernanda-herazo-se-quedo-con-el-titulo-de-la-copa-w25-de-tenis-en-ibague\/","title":{"rendered":"Mar\u00eda Fernanda Herazo se qued\u00f3 con el t\u00edtulo de la Copa W25 de Tenis en Ibagu\u00e9"},"content":{"rendered":"<p class=\\\"MsoNormal\\\" style=\\\"text-align: justify;\\\"><span style=\\\"font-size: 12.0pt; line-height: 107%; font-family: \\'Arial\\',sans-serif;\\\">Toda la competencia se cumpli\u00f3 en el reci\u00e9n inaugurado Complejo de Raquetas del Parque Deportivo.<\/span><\/p>\n<p><!--more--><\/p>\n<p class=\\\"MsoNormal\\\" style=\\\"text-align: justify;\\\"><span style=\\\"font-size: 12.0pt; line-height: 107%; font-family: \\'Arial\\',sans-serif;\\\">La tenista colombiana Mar\u00eda Fernanda Herazo logr\u00f3 el t\u00edtulo de la Copa \u2018Ibagu\u00e9 Destino Deporte\u2019 W25, tras vencer 6 &#8211; 3 y 6 &#8211; 3 a la brasile\u00f1a Gabriela C\u00e9, en el Complejo de Raquetas del Parque Deportivo. <\/span><\/p>\n<p class=\\\"MsoNormal\\\" style=\\\"text-align: justify;\\\"><span style=\\\"font-size: 12.0pt; line-height: 107%; font-family: \\'Arial\\',sans-serif;\\\">Es de resaltar que, luego de ser inaugurado este escenario por parte del alcalde Andr\u00e9s Hurtado, se han realizado cuatro torneos de car\u00e1cter nacional e internacional, demostrando la potencia de la Capital Musical en materia deportiva.<\/span><\/p>\n<p class=\\\"MsoNormal\\\" style=\\\"text-align: justify;\\\"><span style=\\\"font-size: 12.0pt; line-height: 107%; font-family: \\'Arial\\',sans-serif;\\\">\u201cMuy contenta de poder alcanzar este t\u00edtulo aqu\u00ed en la hermosa Ibagu\u00e9. Me ha gustado much\u00edsimo el complejo, de verdad que es un gran trabajo el que han hecho todos ac\u00e1 en este tipo de torneos, esperemos que sigan muchos m\u00e1s\u201d, destac\u00f3 Herazo. <\/span><\/p>\n<p class=\\\"MsoNormal\\\" style=\\\"text-align: justify;\\\"><span style=\\\"font-size: 12.0pt; line-height: 107%; font-family: \\'Arial\\',sans-serif;\\\">Por su parte, la tenista brasile\u00f1a Gabriela C\u00e9, afirm\u00f3: \u201cEstoy en la final del W25 de Ibagu\u00e9, y la verdad es que me gustaron mucho las instalaciones de ac\u00e1, el complejo deportivo incre\u00edble; me parece que podr\u00edan tener unas olimpiadas ac\u00e1 porque la verdad que hay deportes para todos\u201d.<\/span><\/p>\n<p class=\\\"MsoNormal\\\" style=\\\"text-align: justify;\\\"><span style=\\\"font-size: 12.0pt; line-height: 107%; font-family: \\'Arial\\',sans-serif;\\\">En cuanto a la modalidad de dobles, el t\u00edtulo fue para el d\u00fao nacional conformado por Yuliana Lizarazo y Mar\u00eda Paulina P\u00e9rez, quienes se quedaron con el trofeo al vencer a Mar\u00eda Fernanda Herazo y la estadounidense Sofia Sewing por 6 &#8211; 4 y 7 &#8211; 5.<\/span><\/p>\n","protected":false},"excerpt":{"rendered":"<p>Toda la competencia se cumpli\u00f3 en el reci\u00e9n inaugurado Complejo de Raquetas del Parque Deportivo.<\/p>\n","protected":false},"author":1,"featured_media":0,"comment_status":"open","ping_status":"open","sticky":false,"template":"","format":"standard","meta":{"site-sidebar-layout":"default","site-content-layout":"","ast-site-content-layout":"default","site-content-style":"default","site-sidebar-style":"default","ast-global-header-display":"","ast-banner-title-visibility":"","ast-main-header-display":"","ast-hfb-above-header-display":"","ast-hfb-below-header-display":"","ast-hfb-mobile-header-display":"","site-post-title":"","ast-breadcrumbs-content":"","ast-featured-img":"","footer-sml-layout":"","ast-disable-related-posts":"","theme-transparent-header-meta":"","adv-header-id-meta":"","stick-header-meta":"","header-above-stick-meta":"","header-main-stick-meta":"","header-below-stick-meta":"","astra-migrate-meta-layouts":"default","ast-page-background-enabled":"default","ast-page-background-meta":{"desktop":{"background-color":"var(--ast-global-color-4)","background-image":"","background-repeat":"repeat","background-position":"center center","background-size":"auto","background-attachment":"scroll","background-type":"","background-media":"","overlay-type":"","overlay-color":"","overlay-opacity":"","overlay-gradient":""},"tablet":{"background-color":"","background-image":"","background-repeat":"repeat","background-position":"center center","background-size":"auto","background-attachment":"scroll","background-type":"","background-media":"","overlay-type":"","overlay-color":"","overlay-opacity":"","overlay-gradient":""},"mobile":{"background-color":"","background-image":"","background-repeat":"repeat","background-position":"center center","background-size":"auto","background-attachment":"scroll","background-type":"","background-media":"","overlay-type":"","overlay-color":"","overlay-opacity":"","overlay-gradient":""}},"ast-content-background-meta":{"desktop":{"background-color":"var(--ast-global-color-5)","background-image":"","background-repeat":"repeat","background-position":"center center","background-size":"auto","background-attachment":"scroll","background-type":"","background-media":"","overlay-type":"","overlay-color":"","overlay-opacity":"","overlay-gradient":""},"tablet":{"background-color":"var(--ast-global-color-5)","background-image":"","background-repeat":"repeat","background-position":"center center","background-size":"auto","background-attachment":"scroll","background-type":"","background-media":"","overlay-type":"","overlay-color":"","overlay-opacity":"","overlay-gradient":""},"mobile":{"background-color":"var(--ast-global-color-5)","background-image":"","background-repeat":"repeat","background-position":"center center","background-size":"auto","background-attachment":"scroll","background-type":"","background-media":"","overlay-type":"","overlay-color":"","overlay-opacity":"","overlay-gradient":""}},"footnotes":""},"categories":[17],"tags":[],"class_list":["post-9978","post","type-post","status-publish","format-standard","hentry","category-otras-cofesiones"],"yoast_head":"<!-- This site is optimized with the Yoast SEO plugin v27.4 - https:\/\/yoast.com\/product\/yoast-seo-wordpress\/ -->\n<title>Mar\u00eda Fernanda Herazo se qued\u00f3 con el t\u00edtulo de la Copa W25 de Tenis en Ibagu\u00e9 - El Confesionario<\/title>\n<meta name=\"robots\" content=\"index, follow, max-snippet:-1, max-image-preview:large, max-video-preview:-1\" \/>\n<link rel=\"canonical\" href=\"https:\/\/confesionario.co\/w\/maria-fernanda-herazo-se-quedo-con-el-titulo-de-la-copa-w25-de-tenis-en-ibague\/\" \/>\n<meta property=\"og:locale\" content=\"es_ES\" \/>\n<meta property=\"og:type\" content=\"article\" \/>\n<meta property=\"og:title\" content=\"Mar\u00eda Fernanda Herazo se qued\u00f3 con el t\u00edtulo de la Copa W25 de Tenis en Ibagu\u00e9 - El Confesionario\" \/>\n<meta property=\"og:description\" content=\"Toda la competencia se cumpli\u00f3 en el reci\u00e9n inaugurado Complejo de Raquetas del Parque Deportivo.\" \/>\n<meta property=\"og:url\" content=\"https:\/\/confesionario.co\/w\/maria-fernanda-herazo-se-quedo-con-el-titulo-de-la-copa-w25-de-tenis-en-ibague\/\" \/>\n<meta property=\"og:site_name\" content=\"El Confesionario\" \/>\n<meta property=\"article:published_time\" content=\"2022-10-31T12:59:07+00:00\" \/>\n<meta name=\"author\" content=\"admin\" \/>\n<meta name=\"twitter:card\" content=\"summary_large_image\" \/>\n<meta name=\"twitter:label1\" content=\"Escrito por\" \/>\n\t<meta name=\"twitter:data1\" content=\"admin\" \/>\n\t<meta name=\"twitter:label2\" content=\"Tiempo de lectura\" \/>\n\t<meta name=\"twitter:data2\" content=\"1 minuto\" \/>\n<script type=\"application\/ld+json\" class=\"yoast-schema-graph\">{\"@context\":\"https:\\\/\\\/schema.org\",\"@graph\":[{\"@type\":\"Article\",\"@id\":\"https:\\\/\\\/confesionario.co\\\/w\\\/maria-fernanda-herazo-se-quedo-con-el-titulo-de-la-copa-w25-de-tenis-en-ibague\\\/#article\",\"isPartOf\":{\"@id\":\"https:\\\/\\\/confesionario.co\\\/w\\\/maria-fernanda-herazo-se-quedo-con-el-titulo-de-la-copa-w25-de-tenis-en-ibague\\\/\"},\"author\":{\"name\":\"admin\",\"@id\":\"https:\\\/\\\/confesionario.co\\\/w\\\/#\\\/schema\\\/person\\\/85e99333497749318afab96ea0cc2342\"},\"headline\":\"Mar\u00eda Fernanda Herazo se qued\u00f3 con el t\u00edtulo de la Copa W25 de Tenis en Ibagu\u00e9\",\"datePublished\":\"2022-10-31T12:59:07+00:00\",\"mainEntityOfPage\":{\"@id\":\"https:\\\/\\\/confesionario.co\\\/w\\\/maria-fernanda-herazo-se-quedo-con-el-titulo-de-la-copa-w25-de-tenis-en-ibague\\\/\"},\"wordCount\":255,\"commentCount\":0,\"publisher\":{\"@id\":\"https:\\\/\\\/confesionario.co\\\/w\\\/#organization\"},\"articleSection\":[\"Otras confesiones\"],\"inLanguage\":\"es\",\"potentialAction\":[{\"@type\":\"CommentAction\",\"name\":\"Comment\",\"target\":[\"https:\\\/\\\/confesionario.co\\\/w\\\/maria-fernanda-herazo-se-quedo-con-el-titulo-de-la-copa-w25-de-tenis-en-ibague\\\/#respond\"]}]},{\"@type\":\"WebPage\",\"@id\":\"https:\\\/\\\/confesionario.co\\\/w\\\/maria-fernanda-herazo-se-quedo-con-el-titulo-de-la-copa-w25-de-tenis-en-ibague\\\/\",\"url\":\"https:\\\/\\\/confesionario.co\\\/w\\\/maria-fernanda-herazo-se-quedo-con-el-titulo-de-la-copa-w25-de-tenis-en-ibague\\\/\",\"name\":\"Mar\u00eda Fernanda Herazo se qued\u00f3 con el t\u00edtulo de la Copa W25 de Tenis en Ibagu\u00e9 - El Confesionario\",\"isPartOf\":{\"@id\":\"https:\\\/\\\/confesionario.co\\\/w\\\/#website\"},\"datePublished\":\"2022-10-31T12:59:07+00:00\",\"breadcrumb\":{\"@id\":\"https:\\\/\\\/confesionario.co\\\/w\\\/maria-fernanda-herazo-se-quedo-con-el-titulo-de-la-copa-w25-de-tenis-en-ibague\\\/#breadcrumb\"},\"inLanguage\":\"es\",\"potentialAction\":[{\"@type\":\"ReadAction\",\"target\":[\"https:\\\/\\\/confesionario.co\\\/w\\\/maria-fernanda-herazo-se-quedo-con-el-titulo-de-la-copa-w25-de-tenis-en-ibague\\\/\"]}]},{\"@type\":\"BreadcrumbList\",\"@id\":\"https:\\\/\\\/confesionario.co\\\/w\\\/maria-fernanda-herazo-se-quedo-con-el-titulo-de-la-copa-w25-de-tenis-en-ibague\\\/#breadcrumb\",\"itemListElement\":[{\"@type\":\"ListItem\",\"position\":1,\"name\":\"Portada\",\"item\":\"https:\\\/\\\/confesionario.co\\\/w\\\/\"},{\"@type\":\"ListItem\",\"position\":2,\"name\":\"Mar\u00eda Fernanda Herazo se qued\u00f3 con el t\u00edtulo de la Copa W25 de Tenis en Ibagu\u00e9\"}]},{\"@type\":\"WebSite\",\"@id\":\"https:\\\/\\\/confesionario.co\\\/w\\\/#website\",\"url\":\"https:\\\/\\\/confesionario.co\\\/w\\\/\",\"name\":\"El Confesionario\",\"description\":\"\",\"publisher\":{\"@id\":\"https:\\\/\\\/confesionario.co\\\/w\\\/#organization\"},\"potentialAction\":[{\"@type\":\"SearchAction\",\"target\":{\"@type\":\"EntryPoint\",\"urlTemplate\":\"https:\\\/\\\/confesionario.co\\\/w\\\/?s={search_term_string}\"},\"query-input\":{\"@type\":\"PropertyValueSpecification\",\"valueRequired\":true,\"valueName\":\"search_term_string\"}}],\"inLanguage\":\"es\"},{\"@type\":\"Organization\",\"@id\":\"https:\\\/\\\/confesionario.co\\\/w\\\/#organization\",\"name\":\"El Confesionario\",\"url\":\"https:\\\/\\\/confesionario.co\\\/w\\\/\",\"logo\":{\"@type\":\"ImageObject\",\"inLanguage\":\"es\",\"@id\":\"https:\\\/\\\/confesionario.co\\\/w\\\/#\\\/schema\\\/logo\\\/image\\\/\",\"url\":\"https:\\\/\\\/confesionario.co\\\/w\\\/wp-content\\\/uploads\\\/2026\\\/02\\\/confesionario-horizontal.png\",\"contentUrl\":\"https:\\\/\\\/confesionario.co\\\/w\\\/wp-content\\\/uploads\\\/2026\\\/02\\\/confesionario-horizontal.png\",\"width\":581,\"height\":148,\"caption\":\"El Confesionario\"},\"image\":{\"@id\":\"https:\\\/\\\/confesionario.co\\\/w\\\/#\\\/schema\\\/logo\\\/image\\\/\"}},{\"@type\":\"Person\",\"@id\":\"https:\\\/\\\/confesionario.co\\\/w\\\/#\\\/schema\\\/person\\\/85e99333497749318afab96ea0cc2342\",\"name\":\"admin\",\"image\":{\"@type\":\"ImageObject\",\"inLanguage\":\"es\",\"@id\":\"https:\\\/\\\/secure.gravatar.com\\\/avatar\\\/f3358fe09cfbbfc24265a18ea411b8ee8e54296a50fb17d8acf3cffca66240d2?s=96&d=mm&r=g\",\"url\":\"https:\\\/\\\/secure.gravatar.com\\\/avatar\\\/f3358fe09cfbbfc24265a18ea411b8ee8e54296a50fb17d8acf3cffca66240d2?s=96&d=mm&r=g\",\"contentUrl\":\"https:\\\/\\\/secure.gravatar.com\\\/avatar\\\/f3358fe09cfbbfc24265a18ea411b8ee8e54296a50fb17d8acf3cffca66240d2?s=96&d=mm&r=g\",\"caption\":\"admin\"},\"sameAs\":[\"https:\\\/\\\/elconfesionario.co\\\/w\"],\"url\":\"https:\\\/\\\/confesionario.co\\\/w\\\/author\\\/osabuena\\\/\"}]}<\/script>\n<!-- \/ Yoast SEO plugin. -->","yoast_head_json":{"title":"Mar\u00eda Fernanda Herazo se qued\u00f3 con el t\u00edtulo de la Copa W25 de Tenis en Ibagu\u00e9 - El Confesionario","robots":{"index":"index","follow":"follow","max-snippet":"max-snippet:-1","max-image-preview":"max-image-preview:large","max-video-preview":"max-video-preview:-1"},"canonical":"https:\/\/confesionario.co\/w\/maria-fernanda-herazo-se-quedo-con-el-titulo-de-la-copa-w25-de-tenis-en-ibague\/","og_locale":"es_ES","og_type":"article","og_title":"Mar\u00eda Fernanda Herazo se qued\u00f3 con el t\u00edtulo de la Copa W25 de Tenis en Ibagu\u00e9 - El Confesionario","og_description":"Toda la competencia se cumpli\u00f3 en el reci\u00e9n inaugurado Complejo de Raquetas del Parque Deportivo.","og_url":"https:\/\/confesionario.co\/w\/maria-fernanda-herazo-se-quedo-con-el-titulo-de-la-copa-w25-de-tenis-en-ibague\/","og_site_name":"El Confesionario","article_published_time":"2022-10-31T12:59:07+00:00","author":"admin","twitter_card":"summary_large_image","twitter_misc":{"Escrito por":"admin","Tiempo de lectura":"1 minuto"},"schema":{"@context":"https:\/\/schema.org","@graph":[{"@type":"Article","@id":"https:\/\/confesionario.co\/w\/maria-fernanda-herazo-se-quedo-con-el-titulo-de-la-copa-w25-de-tenis-en-ibague\/#article","isPartOf":{"@id":"https:\/\/confesionario.co\/w\/maria-fernanda-herazo-se-quedo-con-el-titulo-de-la-copa-w25-de-tenis-en-ibague\/"},"author":{"name":"admin","@id":"https:\/\/confesionario.co\/w\/#\/schema\/person\/85e99333497749318afab96ea0cc2342"},"headline":"Mar\u00eda Fernanda Herazo se qued\u00f3 con el t\u00edtulo de la Copa W25 de Tenis en Ibagu\u00e9","datePublished":"2022-10-31T12:59:07+00:00","mainEntityOfPage":{"@id":"https:\/\/confesionario.co\/w\/maria-fernanda-herazo-se-quedo-con-el-titulo-de-la-copa-w25-de-tenis-en-ibague\/"},"wordCount":255,"commentCount":0,"publisher":{"@id":"https:\/\/confesionario.co\/w\/#organization"},"articleSection":["Otras confesiones"],"inLanguage":"es","potentialAction":[{"@type":"CommentAction","name":"Comment","target":["https:\/\/confesionario.co\/w\/maria-fernanda-herazo-se-quedo-con-el-titulo-de-la-copa-w25-de-tenis-en-ibague\/#respond"]}]},{"@type":"WebPage","@id":"https:\/\/confesionario.co\/w\/maria-fernanda-herazo-se-quedo-con-el-titulo-de-la-copa-w25-de-tenis-en-ibague\/","url":"https:\/\/confesionario.co\/w\/maria-fernanda-herazo-se-quedo-con-el-titulo-de-la-copa-w25-de-tenis-en-ibague\/","name":"Mar\u00eda Fernanda Herazo se qued\u00f3 con el t\u00edtulo de la Copa W25 de Tenis en Ibagu\u00e9 - El Confesionario","isPartOf":{"@id":"https:\/\/confesionario.co\/w\/#website"},"datePublished":"2022-10-31T12:59:07+00:00","breadcrumb":{"@id":"https:\/\/confesionario.co\/w\/maria-fernanda-herazo-se-quedo-con-el-titulo-de-la-copa-w25-de-tenis-en-ibague\/#breadcrumb"},"inLanguage":"es","potentialAction":[{"@type":"ReadAction","target":["https:\/\/confesionario.co\/w\/maria-fernanda-herazo-se-quedo-con-el-titulo-de-la-copa-w25-de-tenis-en-ibague\/"]}]},{"@type":"BreadcrumbList","@id":"https:\/\/confesionario.co\/w\/maria-fernanda-herazo-se-quedo-con-el-titulo-de-la-copa-w25-de-tenis-en-ibague\/#breadcrumb","itemListElement":[{"@type":"ListItem","position":1,"name":"Portada","item":"https:\/\/confesionario.co\/w\/"},{"@type":"ListItem","position":2,"name":"Mar\u00eda Fernanda Herazo se qued\u00f3 con el t\u00edtulo de la Copa W25 de Tenis en Ibagu\u00e9"}]},{"@type":"WebSite","@id":"https:\/\/confesionario.co\/w\/#website","url":"https:\/\/confesionario.co\/w\/","name":"El Confesionario","description":"","publisher":{"@id":"https:\/\/confesionario.co\/w\/#organization"},"potentialAction":[{"@type":"SearchAction","target":{"@type":"EntryPoint","urlTemplate":"https:\/\/confesionario.co\/w\/?s={search_term_string}"},"query-input":{"@type":"PropertyValueSpecification","valueRequired":true,"valueName":"search_term_string"}}],"inLanguage":"es"},{"@type":"Organization","@id":"https:\/\/confesionario.co\/w\/#organization","name":"El Confesionario","url":"https:\/\/confesionario.co\/w\/","logo":{"@type":"ImageObject","inLanguage":"es","@id":"https:\/\/confesionario.co\/w\/#\/schema\/logo\/image\/","url":"https:\/\/confesionario.co\/w\/wp-content\/uploads\/2026\/02\/confesionario-horizontal.png","contentUrl":"https:\/\/confesionario.co\/w\/wp-content\/uploads\/2026\/02\/confesionario-horizontal.png","width":581,"height":148,"caption":"El Confesionario"},"image":{"@id":"https:\/\/confesionario.co\/w\/#\/schema\/logo\/image\/"}},{"@type":"Person","@id":"https:\/\/confesionario.co\/w\/#\/schema\/person\/85e99333497749318afab96ea0cc2342","name":"admin","image":{"@type":"ImageObject","inLanguage":"es","@id":"https:\/\/secure.gravatar.com\/avatar\/f3358fe09cfbbfc24265a18ea411b8ee8e54296a50fb17d8acf3cffca66240d2?s=96&d=mm&r=g","url":"https:\/\/secure.gravatar.com\/avatar\/f3358fe09cfbbfc24265a18ea411b8ee8e54296a50fb17d8acf3cffca66240d2?s=96&d=mm&r=g","contentUrl":"https:\/\/secure.gravatar.com\/avatar\/f3358fe09cfbbfc24265a18ea411b8ee8e54296a50fb17d8acf3cffca66240d2?s=96&d=mm&r=g","caption":"admin"},"sameAs":["https:\/\/elconfesionario.co\/w"],"url":"https:\/\/confesionario.co\/w\/author\/osabuena\/"}]}},"jetpack_featured_media_url":"","_links":{"self":[{"href":"https:\/\/confesionario.co\/w\/wp-json\/wp\/v2\/posts\/9978","targetHints":{"allow":["GET"]}}],"collection":[{"href":"https:\/\/confesionario.co\/w\/wp-json\/wp\/v2\/posts"}],"about":[{"href":"https:\/\/confesionario.co\/w\/wp-json\/wp\/v2\/types\/post"}],"author":[{"embeddable":true,"href":"https:\/\/confesionario.co\/w\/wp-json\/wp\/v2\/users\/1"}],"replies":[{"embeddable":true,"href":"https:\/\/confesionario.co\/w\/wp-json\/wp\/v2\/comments?post=9978"}],"version-history":[{"count":0,"href":"https:\/\/confesionario.co\/w\/wp-json\/wp\/v2\/posts\/9978\/revisions"}],"wp:attachment":[{"href":"https:\/\/confesionario.co\/w\/wp-json\/wp\/v2\/media?parent=9978"}],"wp:term":[{"taxonomy":"category","embeddable":true,"href":"https:\/\/confesionario.co\/w\/wp-json\/wp\/v2\/categories?post=9978"},{"taxonomy":"post_tag","embeddable":true,"href":"https:\/\/confesionario.co\/w\/wp-json\/wp\/v2\/tags?post=9978"}],"curies":[{"name":"wp","href":"https:\/\/api.w.org\/{rel}","templated":true}]}}