{"id":9979,"date":"2022-10-31T13:06:41","date_gmt":"2022-10-31T13:06:41","guid":{"rendered":"https:\/\/confesionario.co\/w\/escenario-de-oportunidades\/"},"modified":"2022-10-31T13:06:41","modified_gmt":"2022-10-31T13:06:41","slug":"escenario-de-oportunidades","status":"publish","type":"post","link":"https:\/\/confesionario.co\/w\/escenario-de-oportunidades\/","title":{"rendered":"Escenario de oportunidades"},"content":{"rendered":"<p class=\\\"MsoNormal\\\" style=\\\"text-align: justify;\\\"><span lang=\\\"ES\\\" style=\\\"font-family: \\'Arial\\',sans-serif; mso-ansi-language: ES;\\\">La importancia de las ciudades intermedias en Colombia es una clara oportunidad de aprovechamiento para la econom\u00eda local. Por: Camilo Ossa.<\/span><\/p>\n<p><!--more--><\/p>\n<p class=\\\"MsoNormal\\\" style=\\\"text-align: justify;\\\"><span lang=\\\"ES\\\" style=\\\"font-family: \\'Arial\\',sans-serif; mso-ansi-language: ES;\\\">Miremos un solo aspecto con plena incidencia en el desenvolvimiento de las relaciones econ\u00f3micas, sociales y culturales de Ibagu\u00e9: el suelo rural (debiendo hablar en otro momento de la denominada migraci\u00f3n clim\u00e1tica). Este es fundamental para apalancar la econom\u00eda local, la cual ha sido \u201cv\u00edctima\u201d de un sesgo urbano (generalizado en Am\u00e9rica Latina), que suele terminar, dadas las condiciones de infraestructura y de servicios (salud, educaci\u00f3n, servicios p\u00fablicos, transporte, etc.) principalmente, en proceso de migraci\u00f3n del campo a la ciudad; ni qu\u00e9 decir del aumento de las brechas urbano-rurales, la distribuci\u00f3n desigual de la riqueza y la vulnerabilidad ambiental, como consecuencia de un abandono a la ruralidad colombiana. Hay una potencialidad a trav\u00e9s de la interdependencia que supone una correcta planificaci\u00f3n del territorio rural.<\/span><\/p>\n<p class=\\\"MsoNormal\\\" style=\\\"text-align: justify;\\\"><span lang=\\\"ES\\\" style=\\\"font-family: \\'Arial\\',sans-serif; mso-ansi-language: ES;\\\">Es un elemento clave, en relaci\u00f3n con la necesaria toma de decisiones concretas y eficientes para alimentar la vocaci\u00f3n econ\u00f3mica y la productividad que tanto requiere la ciudad. Alzar la mirada a la ruralidad, como parte esencial para solucionar la crisis de (des)empleo, competitividad, informalidad y seguridad alimentaria. Seg\u00fan datos del Sistema de Informaci\u00f3n para la Planificaci\u00f3n Rural Agropecuaria -SIPRA-, de la Unidad de Planificaci\u00f3n Rural Agropecuaria -UPRA-, en el municipio tenemos una frontera agr\u00edcola que obedece al 51,1% del territorio, un porcentaje bastante interesante, de aprovechamiento del suelo para actividades agropecuarias, si tenemos en consideraci\u00f3n que, a nivel nacional, la frontera agr\u00edcola es del 34,4% del \u00e1rea del territorio continental.<\/span><\/p>\n<p class=\\\"MsoNormal\\\" style=\\\"text-align: justify;\\\"><span lang=\\\"ES\\\" style=\\\"font-family: \\'Arial\\',sans-serif; mso-ansi-language: ES;\\\">Tambi\u00e9n hay datos del suelo que son interesantes (oportunidades), medido en hect\u00e1reas, en el municipio para actividades productivas con incidencia total representativa y que tienen proyecci\u00f3n acorde a las demandas ciudadanas, por ejemplo, el aguacate Hass con 19.968, el caf\u00e9 con 33.935, el arroz con 8.453, el algod\u00f3n 20.633 (Cifras del SIPRA), sin contar con otras que pueden llegar a representar una aptitud del suelo mucho m\u00e1s amplia.<\/span><\/p>\n<p class=\\\"MsoNormal\\\" style=\\\"text-align: justify;\\\"><span lang=\\\"ES\\\" style=\\\"font-family: \\'Arial\\',sans-serif; mso-ansi-language: ES;\\\">Divergencia de acciones y decisiones son necesarias para rescatar las condiciones, muchas veces dif\u00edciles del sector rural, pero importantes y concretas, podr\u00eda decirse que, a mediano plazo, se deben ejecutar, por un lado, una pol\u00edtica p\u00fablica dirigida espec\u00edficamente al sector agropecuario que permita optimizar el uso del suelo y, por el otro, la generaci\u00f3n y acompa\u00f1amiento de actividades econ\u00f3micas que contribuyan a la superaci\u00f3n del desempleo, la informalidad, la baja competitividad y la inseguridad alimentaria (como ha venido ocurriendo en la meseta de Ibagu\u00e9 con el arroz), el acompa\u00f1amiento al productor, por parte del Estado, debe ser permanente. Pero a largo plazo, se necesita la implementaci\u00f3n del nuevo Plan de Ordenamiento Territorial para la ciudad, con una delimitaci\u00f3n \u00f3ptima del suelo rural y su vocaci\u00f3n productiva, lograr la provisi\u00f3n de infraestructura y equipamiento b\u00e1sico, reducir la brecha de la desigualdad y atraer inversi\u00f3n interesada en las potencialidades del suelo rural. <span style=\\\"mso-spacerun: yes;\\\">\u00a0<\/span><\/span><\/p>\n<p class=\\\"MsoNormal\\\" style=\\\"text-align: justify;\\\"><span lang=\\\"ES\\\" style=\\\"font-family: \\'Arial\\',sans-serif; mso-ansi-language: ES;\\\">\u00a0<\/span><\/p>\n<p class=\\\"MsoNormal\\\" style=\\\"text-align: justify;\\\"><b><span lang=\\\"ES\\\" style=\\\"font-family: \\'Arial\\',sans-serif; mso-ansi-language: ES;\\\">Camilo Ernesto Ossa B.<\/span><\/b><\/p>\n<p class=\\\"MsoNormal\\\" style=\\\"text-align: justify;\\\"><span lang=\\\"ES\\\" style=\\\"font-family: \\'Arial\\',sans-serif; mso-ansi-language: ES;\\\">@camiloossa10<\/span><\/p>\n<p class=\\\"MsoNormal\\\" style=\\\"text-align: justify;\\\"><span lang=\\\"ES\\\" style=\\\"font-family: \\'Arial\\',sans-serif; mso-ansi-language: ES;\\\"><span style=\\\"mso-spacerun: yes;\\\">\u00a0<\/span><span style=\\\"mso-spacerun: yes;\\\">\u00a0\u00a0\u00a0 <\/span><\/span><\/p>\n<p class=\\\"MsoNormal\\\" style=\\\"text-align: justify;\\\"><span lang=\\\"ES\\\" style=\\\"font-family: \\'Arial\\',sans-serif; mso-ansi-language: ES;\\\">\u00a0<\/span><\/p>\n<p class=\\\"MsoNormal\\\" style=\\\"text-align: justify;\\\"><span lang=\\\"ES\\\" style=\\\"font-family: \\'Arial\\',sans-serif; mso-ansi-language: ES;\\\"><span style=\\\"mso-spacerun: yes;\\\">\u00a0<\/span><\/span><\/p>\n","protected":false},"excerpt":{"rendered":"<p>La importancia de las ciudades intermedias en Colombia es una clara oportunidad de aprovechamiento para la econom\u00eda local. Por: Camilo [&hellip;]<\/p>\n","protected":false},"author":1,"featured_media":0,"comment_status":"open","ping_status":"open","sticky":false,"template":"","format":"standard","meta":{"site-sidebar-layout":"default","site-content-layout":"","ast-site-content-layout":"default","site-content-style":"default","site-sidebar-style":"default","ast-global-header-display":"","ast-banner-title-visibility":"","ast-main-header-display":"","ast-hfb-above-header-display":"","ast-hfb-below-header-display":"","ast-hfb-mobile-header-display":"","site-post-title":"","ast-breadcrumbs-content":"","ast-featured-img":"","footer-sml-layout":"","ast-disable-related-posts":"","theme-transparent-header-meta":"","adv-header-id-meta":"","stick-header-meta":"","header-above-stick-meta":"","header-main-stick-meta":"","header-below-stick-meta":"","astra-migrate-meta-layouts":"default","ast-page-background-enabled":"default","ast-page-background-meta":{"desktop":{"background-color":"var(--ast-global-color-4)","background-image":"","background-repeat":"repeat","background-position":"center center","background-size":"auto","background-attachment":"scroll","background-type":"","background-media":"","overlay-type":"","overlay-color":"","overlay-opacity":"","overlay-gradient":""},"tablet":{"background-color":"","background-image":"","background-repeat":"repeat","background-position":"center center","background-size":"auto","background-attachment":"scroll","background-type":"","background-media":"","overlay-type":"","overlay-color":"","overlay-opacity":"","overlay-gradient":""},"mobile":{"background-color":"","background-image":"","background-repeat":"repeat","background-position":"center center","background-size":"auto","background-attachment":"scroll","background-type":"","background-media":"","overlay-type":"","overlay-color":"","overlay-opacity":"","overlay-gradient":""}},"ast-content-background-meta":{"desktop":{"background-color":"var(--ast-global-color-5)","background-image":"","background-repeat":"repeat","background-position":"center center","background-size":"auto","background-attachment":"scroll","background-type":"","background-media":"","overlay-type":"","overlay-color":"","overlay-opacity":"","overlay-gradient":""},"tablet":{"background-color":"var(--ast-global-color-5)","background-image":"","background-repeat":"repeat","background-position":"center center","background-size":"auto","background-attachment":"scroll","background-type":"","background-media":"","overlay-type":"","overlay-color":"","overlay-opacity":"","overlay-gradient":""},"mobile":{"background-color":"var(--ast-global-color-5)","background-image":"","background-repeat":"repeat","background-position":"center center","background-size":"auto","background-attachment":"scroll","background-type":"","background-media":"","overlay-type":"","overlay-color":"","overlay-opacity":"","overlay-gradient":""}},"footnotes":""},"categories":[13],"tags":[],"class_list":["post-9979","post","type-post","status-publish","format-standard","hentry","category-que-hacer-aqui"],"yoast_head":"<!-- This site is optimized with the Yoast SEO plugin v27.4 - https:\/\/yoast.com\/product\/yoast-seo-wordpress\/ -->\n<title>Escenario de oportunidades - El Confesionario<\/title>\n<meta name=\"robots\" content=\"index, follow, max-snippet:-1, max-image-preview:large, max-video-preview:-1\" \/>\n<link rel=\"canonical\" href=\"https:\/\/confesionario.co\/w\/escenario-de-oportunidades\/\" \/>\n<meta property=\"og:locale\" content=\"es_ES\" \/>\n<meta property=\"og:type\" content=\"article\" \/>\n<meta property=\"og:title\" content=\"Escenario de oportunidades - El Confesionario\" \/>\n<meta property=\"og:description\" content=\"La importancia de las ciudades intermedias en Colombia es una clara oportunidad de aprovechamiento para la econom\u00eda local. Por: Camilo [&hellip;]\" \/>\n<meta property=\"og:url\" content=\"https:\/\/confesionario.co\/w\/escenario-de-oportunidades\/\" \/>\n<meta property=\"og:site_name\" content=\"El Confesionario\" \/>\n<meta property=\"article:published_time\" content=\"2022-10-31T13:06:41+00:00\" \/>\n<meta name=\"author\" content=\"admin\" \/>\n<meta name=\"twitter:card\" content=\"summary_large_image\" \/>\n<meta name=\"twitter:label1\" content=\"Escrito por\" \/>\n\t<meta name=\"twitter:data1\" content=\"admin\" \/>\n\t<meta name=\"twitter:label2\" content=\"Tiempo de lectura\" \/>\n\t<meta name=\"twitter:data2\" content=\"3 minutos\" \/>\n<script type=\"application\/ld+json\" class=\"yoast-schema-graph\">{\"@context\":\"https:\\\/\\\/schema.org\",\"@graph\":[{\"@type\":\"Article\",\"@id\":\"https:\\\/\\\/confesionario.co\\\/w\\\/escenario-de-oportunidades\\\/#article\",\"isPartOf\":{\"@id\":\"https:\\\/\\\/confesionario.co\\\/w\\\/escenario-de-oportunidades\\\/\"},\"author\":{\"name\":\"admin\",\"@id\":\"https:\\\/\\\/confesionario.co\\\/w\\\/#\\\/schema\\\/person\\\/85e99333497749318afab96ea0cc2342\"},\"headline\":\"Escenario de oportunidades\",\"datePublished\":\"2022-10-31T13:06:41+00:00\",\"mainEntityOfPage\":{\"@id\":\"https:\\\/\\\/confesionario.co\\\/w\\\/escenario-de-oportunidades\\\/\"},\"wordCount\":521,\"commentCount\":0,\"publisher\":{\"@id\":\"https:\\\/\\\/confesionario.co\\\/w\\\/#organization\"},\"articleSection\":[\"Qu\u00e9 hacer aqu\u00ed\"],\"inLanguage\":\"es\",\"potentialAction\":[{\"@type\":\"CommentAction\",\"name\":\"Comment\",\"target\":[\"https:\\\/\\\/confesionario.co\\\/w\\\/escenario-de-oportunidades\\\/#respond\"]}]},{\"@type\":\"WebPage\",\"@id\":\"https:\\\/\\\/confesionario.co\\\/w\\\/escenario-de-oportunidades\\\/\",\"url\":\"https:\\\/\\\/confesionario.co\\\/w\\\/escenario-de-oportunidades\\\/\",\"name\":\"Escenario de oportunidades - El Confesionario\",\"isPartOf\":{\"@id\":\"https:\\\/\\\/confesionario.co\\\/w\\\/#website\"},\"datePublished\":\"2022-10-31T13:06:41+00:00\",\"breadcrumb\":{\"@id\":\"https:\\\/\\\/confesionario.co\\\/w\\\/escenario-de-oportunidades\\\/#breadcrumb\"},\"inLanguage\":\"es\",\"potentialAction\":[{\"@type\":\"ReadAction\",\"target\":[\"https:\\\/\\\/confesionario.co\\\/w\\\/escenario-de-oportunidades\\\/\"]}]},{\"@type\":\"BreadcrumbList\",\"@id\":\"https:\\\/\\\/confesionario.co\\\/w\\\/escenario-de-oportunidades\\\/#breadcrumb\",\"itemListElement\":[{\"@type\":\"ListItem\",\"position\":1,\"name\":\"Portada\",\"item\":\"https:\\\/\\\/confesionario.co\\\/w\\\/\"},{\"@type\":\"ListItem\",\"position\":2,\"name\":\"Escenario de oportunidades\"}]},{\"@type\":\"WebSite\",\"@id\":\"https:\\\/\\\/confesionario.co\\\/w\\\/#website\",\"url\":\"https:\\\/\\\/confesionario.co\\\/w\\\/\",\"name\":\"El Confesionario\",\"description\":\"\",\"publisher\":{\"@id\":\"https:\\\/\\\/confesionario.co\\\/w\\\/#organization\"},\"potentialAction\":[{\"@type\":\"SearchAction\",\"target\":{\"@type\":\"EntryPoint\",\"urlTemplate\":\"https:\\\/\\\/confesionario.co\\\/w\\\/?s={search_term_string}\"},\"query-input\":{\"@type\":\"PropertyValueSpecification\",\"valueRequired\":true,\"valueName\":\"search_term_string\"}}],\"inLanguage\":\"es\"},{\"@type\":\"Organization\",\"@id\":\"https:\\\/\\\/confesionario.co\\\/w\\\/#organization\",\"name\":\"El Confesionario\",\"url\":\"https:\\\/\\\/confesionario.co\\\/w\\\/\",\"logo\":{\"@type\":\"ImageObject\",\"inLanguage\":\"es\",\"@id\":\"https:\\\/\\\/confesionario.co\\\/w\\\/#\\\/schema\\\/logo\\\/image\\\/\",\"url\":\"https:\\\/\\\/confesionario.co\\\/w\\\/wp-content\\\/uploads\\\/2026\\\/02\\\/confesionario-horizontal.png\",\"contentUrl\":\"https:\\\/\\\/confesionario.co\\\/w\\\/wp-content\\\/uploads\\\/2026\\\/02\\\/confesionario-horizontal.png\",\"width\":581,\"height\":148,\"caption\":\"El Confesionario\"},\"image\":{\"@id\":\"https:\\\/\\\/confesionario.co\\\/w\\\/#\\\/schema\\\/logo\\\/image\\\/\"}},{\"@type\":\"Person\",\"@id\":\"https:\\\/\\\/confesionario.co\\\/w\\\/#\\\/schema\\\/person\\\/85e99333497749318afab96ea0cc2342\",\"name\":\"admin\",\"image\":{\"@type\":\"ImageObject\",\"inLanguage\":\"es\",\"@id\":\"https:\\\/\\\/secure.gravatar.com\\\/avatar\\\/f3358fe09cfbbfc24265a18ea411b8ee8e54296a50fb17d8acf3cffca66240d2?s=96&d=mm&r=g\",\"url\":\"https:\\\/\\\/secure.gravatar.com\\\/avatar\\\/f3358fe09cfbbfc24265a18ea411b8ee8e54296a50fb17d8acf3cffca66240d2?s=96&d=mm&r=g\",\"contentUrl\":\"https:\\\/\\\/secure.gravatar.com\\\/avatar\\\/f3358fe09cfbbfc24265a18ea411b8ee8e54296a50fb17d8acf3cffca66240d2?s=96&d=mm&r=g\",\"caption\":\"admin\"},\"sameAs\":[\"https:\\\/\\\/elconfesionario.co\\\/w\"],\"url\":\"https:\\\/\\\/confesionario.co\\\/w\\\/author\\\/osabuena\\\/\"}]}<\/script>\n<!-- \/ Yoast SEO plugin. -->","yoast_head_json":{"title":"Escenario de oportunidades - El Confesionario","robots":{"index":"index","follow":"follow","max-snippet":"max-snippet:-1","max-image-preview":"max-image-preview:large","max-video-preview":"max-video-preview:-1"},"canonical":"https:\/\/confesionario.co\/w\/escenario-de-oportunidades\/","og_locale":"es_ES","og_type":"article","og_title":"Escenario de oportunidades - El Confesionario","og_description":"La importancia de las ciudades intermedias en Colombia es una clara oportunidad de aprovechamiento para la econom\u00eda local. Por: Camilo [&hellip;]","og_url":"https:\/\/confesionario.co\/w\/escenario-de-oportunidades\/","og_site_name":"El Confesionario","article_published_time":"2022-10-31T13:06:41+00:00","author":"admin","twitter_card":"summary_large_image","twitter_misc":{"Escrito por":"admin","Tiempo de lectura":"3 minutos"},"schema":{"@context":"https:\/\/schema.org","@graph":[{"@type":"Article","@id":"https:\/\/confesionario.co\/w\/escenario-de-oportunidades\/#article","isPartOf":{"@id":"https:\/\/confesionario.co\/w\/escenario-de-oportunidades\/"},"author":{"name":"admin","@id":"https:\/\/confesionario.co\/w\/#\/schema\/person\/85e99333497749318afab96ea0cc2342"},"headline":"Escenario de oportunidades","datePublished":"2022-10-31T13:06:41+00:00","mainEntityOfPage":{"@id":"https:\/\/confesionario.co\/w\/escenario-de-oportunidades\/"},"wordCount":521,"commentCount":0,"publisher":{"@id":"https:\/\/confesionario.co\/w\/#organization"},"articleSection":["Qu\u00e9 hacer aqu\u00ed"],"inLanguage":"es","potentialAction":[{"@type":"CommentAction","name":"Comment","target":["https:\/\/confesionario.co\/w\/escenario-de-oportunidades\/#respond"]}]},{"@type":"WebPage","@id":"https:\/\/confesionario.co\/w\/escenario-de-oportunidades\/","url":"https:\/\/confesionario.co\/w\/escenario-de-oportunidades\/","name":"Escenario de oportunidades - El Confesionario","isPartOf":{"@id":"https:\/\/confesionario.co\/w\/#website"},"datePublished":"2022-10-31T13:06:41+00:00","breadcrumb":{"@id":"https:\/\/confesionario.co\/w\/escenario-de-oportunidades\/#breadcrumb"},"inLanguage":"es","potentialAction":[{"@type":"ReadAction","target":["https:\/\/confesionario.co\/w\/escenario-de-oportunidades\/"]}]},{"@type":"BreadcrumbList","@id":"https:\/\/confesionario.co\/w\/escenario-de-oportunidades\/#breadcrumb","itemListElement":[{"@type":"ListItem","position":1,"name":"Portada","item":"https:\/\/confesionario.co\/w\/"},{"@type":"ListItem","position":2,"name":"Escenario de oportunidades"}]},{"@type":"WebSite","@id":"https:\/\/confesionario.co\/w\/#website","url":"https:\/\/confesionario.co\/w\/","name":"El Confesionario","description":"","publisher":{"@id":"https:\/\/confesionario.co\/w\/#organization"},"potentialAction":[{"@type":"SearchAction","target":{"@type":"EntryPoint","urlTemplate":"https:\/\/confesionario.co\/w\/?s={search_term_string}"},"query-input":{"@type":"PropertyValueSpecification","valueRequired":true,"valueName":"search_term_string"}}],"inLanguage":"es"},{"@type":"Organization","@id":"https:\/\/confesionario.co\/w\/#organization","name":"El Confesionario","url":"https:\/\/confesionario.co\/w\/","logo":{"@type":"ImageObject","inLanguage":"es","@id":"https:\/\/confesionario.co\/w\/#\/schema\/logo\/image\/","url":"https:\/\/confesionario.co\/w\/wp-content\/uploads\/2026\/02\/confesionario-horizontal.png","contentUrl":"https:\/\/confesionario.co\/w\/wp-content\/uploads\/2026\/02\/confesionario-horizontal.png","width":581,"height":148,"caption":"El Confesionario"},"image":{"@id":"https:\/\/confesionario.co\/w\/#\/schema\/logo\/image\/"}},{"@type":"Person","@id":"https:\/\/confesionario.co\/w\/#\/schema\/person\/85e99333497749318afab96ea0cc2342","name":"admin","image":{"@type":"ImageObject","inLanguage":"es","@id":"https:\/\/secure.gravatar.com\/avatar\/f3358fe09cfbbfc24265a18ea411b8ee8e54296a50fb17d8acf3cffca66240d2?s=96&d=mm&r=g","url":"https:\/\/secure.gravatar.com\/avatar\/f3358fe09cfbbfc24265a18ea411b8ee8e54296a50fb17d8acf3cffca66240d2?s=96&d=mm&r=g","contentUrl":"https:\/\/secure.gravatar.com\/avatar\/f3358fe09cfbbfc24265a18ea411b8ee8e54296a50fb17d8acf3cffca66240d2?s=96&d=mm&r=g","caption":"admin"},"sameAs":["https:\/\/elconfesionario.co\/w"],"url":"https:\/\/confesionario.co\/w\/author\/osabuena\/"}]}},"jetpack_featured_media_url":"","_links":{"self":[{"href":"https:\/\/confesionario.co\/w\/wp-json\/wp\/v2\/posts\/9979","targetHints":{"allow":["GET"]}}],"collection":[{"href":"https:\/\/confesionario.co\/w\/wp-json\/wp\/v2\/posts"}],"about":[{"href":"https:\/\/confesionario.co\/w\/wp-json\/wp\/v2\/types\/post"}],"author":[{"embeddable":true,"href":"https:\/\/confesionario.co\/w\/wp-json\/wp\/v2\/users\/1"}],"replies":[{"embeddable":true,"href":"https:\/\/confesionario.co\/w\/wp-json\/wp\/v2\/comments?post=9979"}],"version-history":[{"count":0,"href":"https:\/\/confesionario.co\/w\/wp-json\/wp\/v2\/posts\/9979\/revisions"}],"wp:attachment":[{"href":"https:\/\/confesionario.co\/w\/wp-json\/wp\/v2\/media?parent=9979"}],"wp:term":[{"taxonomy":"category","embeddable":true,"href":"https:\/\/confesionario.co\/w\/wp-json\/wp\/v2\/categories?post=9979"},{"taxonomy":"post_tag","embeddable":true,"href":"https:\/\/confesionario.co\/w\/wp-json\/wp\/v2\/tags?post=9979"}],"curies":[{"name":"wp","href":"https:\/\/api.w.org\/{rel}","templated":true}]}}