{"id":9981,"date":"2022-11-02T10:43:47","date_gmt":"2022-11-02T10:43:47","guid":{"rendered":"https:\/\/confesionario.co\/w\/lo-importante-es-que-el-cafe-del-tolima-sea-el-mejor-del-mundo-por-su-calidad-gobernador-ricardo-orozco\/"},"modified":"2022-11-02T10:43:47","modified_gmt":"2022-11-02T10:43:47","slug":"lo-importante-es-que-el-cafe-del-tolima-sea-el-mejor-del-mundo-por-su-calidad-gobernador-ricardo-orozco","status":"publish","type":"post","link":"https:\/\/confesionario.co\/w\/lo-importante-es-que-el-cafe-del-tolima-sea-el-mejor-del-mundo-por-su-calidad-gobernador-ricardo-orozco\/","title":{"rendered":"\u201cLo importante es que el caf\u00e9 del Tolima sea el mejor del mundo por su calidad\u201d: Gobernador Ricardo Orozco"},"content":{"rendered":"<p class=\\\"MsoNormal\\\" style=\\\"text-align: justify;\\\"><span style=\\\"font-size: 12.0pt; line-height: 107%; font-family: \\'Arial\\',sans-serif;\\\">En el evento se firm\u00f3 un nuevo convenio por $6.000 millones con gremio cafetero.<\/span><\/p>\n<p><!--more--><\/p>\n<p class=\\\"MsoNormal\\\" style=\\\"text-align: justify;\\\"><span style=\\\"font-size: 12.0pt; line-height: 107%; font-family: \\'Arial\\',sans-serif;\\\">Roberto V\u00e9lez Vallejo, gerente general de la Federaci\u00f3n Nacional de Cafeteros de Colombia, reconoci\u00f3 que el gobierno del Tolima ha hecho aportes por $40.000 millones para mejorar la condici\u00f3n de las familias cafeteras del departamento.<\/span><\/p>\n<p class=\\\"MsoNormal\\\" style=\\\"text-align: justify;\\\"><span style=\\\"font-size: 12.0pt; line-height: 107%; font-family: \\'Arial\\',sans-serif;\\\">Con la meta de sembrar 1.500 hect\u00e1reas nuevas y renovar 3.500 hect\u00e1reas de caf\u00e9, la Gobernaci\u00f3n del Tolima y la Federaci\u00f3n Nacional de Cafeteros de Colombia, a trav\u00e9s del Comit\u00e9 Departamental de Cafeteros del Tolima, firmaron un nuevo convenio de cooperaci\u00f3n denominado \u201cApoyo al Fortalecimiento y Sostenibilidad de la Caficultura del Departamento del Tolima, Incentivando las Renovaciones y Nuevas Siembras de los Sistemas Cafeteros\u201d.<\/span><\/p>\n<p class=\\\"MsoNormal\\\" style=\\\"text-align: justify;\\\"><span style=\\\"font-size: 12.0pt; line-height: 107%; font-family: \\'Arial\\',sans-serif;\\\">El acuerdo de cooperaci\u00f3n entre las entidades significa inversiones por $6.000 millones, de los cuales $5.000 millones son aportados por el gobierno departamental y los restantes $1.000 millones corresponden a la contribuci\u00f3n del gremio cafetero. El convenio entrega a las familias cultivadoras $200 por \u00e1rbol de caf\u00e9 renovado y $300 por nueva siembra.<\/span><\/p>\n<p class=\\\"MsoNormal\\\" style=\\\"text-align: justify;\\\"><span style=\\\"font-size: 12.0pt; line-height: 107%; font-family: \\'Arial\\',sans-serif;\\\">Entre otros objetivos, el convenio plantea apoyar a las familias cultivadoras del Tolima para que aseguren la sostenibilidad y la rentabilidad de los sistemas cafeteros, aumentar la calidad del grano mediante material certificado y contribuir para que los sistemas cafeteros en sean tecnificados, j\u00f3venes y productivos.<\/span><\/p>\n<p class=\\\"MsoNormal\\\" style=\\\"text-align: justify;\\\"><span style=\\\"font-size: 12.0pt; line-height: 107%; font-family: \\'Arial\\',sans-serif;\\\">El acto protocolario de firma en Ibagu\u00e9 cont\u00f3 con la presencia del gerente general<span style=\\\"mso-spacerun: yes;\\\">\u00a0 <\/span>de la Federaci\u00f3n Nacional de Cafeteros, Roberto V\u00e9lez Vallejo, el director ejecutivo del Comit\u00e9 Departamental, Gildardo Monroy Guerrero, el gobernador del Tolima, Ricardo Orozco Valero, el secretario General, Santiago Barreto Triana, el secretario de Desarrollo Agropecuario y Producci\u00f3n Alimentaria, Omar Juli\u00e1n Vald\u00e9s Navarro,<span style=\\\"mso-spacerun: yes;\\\">\u00a0 <\/span>los integrantes del Comit\u00e9 Departamental de Cafeteros y de los 28 comit\u00e9s municipales, as\u00ed como varias familias cultivadoras que llegaron desde diferentes rincones de la geograf\u00eda tolimense.<\/span><\/p>\n<p class=\\\"MsoNormal\\\" style=\\\"text-align: justify;\\\"><span style=\\\"font-size: 12.0pt; line-height: 107%; font-family: \\'Arial\\',sans-serif;\\\">Roberto V\u00e9lez Vallejo, gerente general de la Federaci\u00f3n Nacional de Cafeteros de Colombia, reconoci\u00f3 que el Gobierno del Tolima, que regenta Ricardo Orozco, ha hecho aportes por $40.000 millones para mejorar la condici\u00f3n de las familias cafeteras del Departamento. <\/span><\/p>\n<p class=\\\"MsoNormal\\\" style=\\\"text-align: justify;\\\"><span style=\\\"font-size: 12.0pt; line-height: 107%; font-family: \\'Arial\\',sans-serif;\\\">\u201cGobernador, han sido m\u00e1s de $40.000 millones que su Gobierno ha puesto para mejorar la vida de nuestras familias cafeteras. Usted es el n\u00famero uno en ese prop\u00f3sito. Los cafeteros nunca olvidamos los amigos, nunca olvidamos a quienes nos ayud\u00f3 y usted es uno de ellos. Un abrazo y un mill\u00f3n de gracias en nombre de los caficultores colombianos. Nuestro reto para los pr\u00f3ximos a\u00f1os es seguir posicionando nuestro caf\u00e9\u201d, recalc\u00f3 el m\u00e1ximo dirigente del gremio cafetero colombiano. <\/span><\/p>\n<p class=\\\"MsoNormal\\\" style=\\\"text-align: justify;\\\"><span style=\\\"font-size: 12.0pt; line-height: 107%; font-family: \\'Arial\\',sans-serif;\\\">A su turno, el mandatario tolimense, Ricardo Orozco Valero resalt\u00f3: \u201cEstamos escribiendo la historia de la caficultura en el departamento del Tolima. Nosotros le apostamos a procesos. Hoy vamos a firmar un nuevo convenio para honrar la palabra. El otro a\u00f1o el envi\u00f3n ser\u00e1 mucho m\u00e1s fuerte. La caficultura es el motor de la econom\u00eda de este pa\u00eds. La ruta del caf\u00e9 tiene que ir m\u00e1s all\u00e1 de las fronteras de Colombia. La plata se la deben ganar los cafeteros, ese es el rumbo que debe tomar nuestra caficultura. El caf\u00e9 es sin\u00f3nimo de generaci\u00f3n de ingresos\u201d, sentenci\u00f3 el gobernador del Tolima. <\/span><\/p>\n<p class=\\\"MsoNormal\\\" style=\\\"text-align: justify;\\\"><span style=\\\"font-size: 12.0pt; line-height: 107%; font-family: \\'Arial\\',sans-serif;\\\">\u201cGracias por su visi\u00f3n, por su compromiso, gobernador. Nuestro cultivo de caf\u00e9 se entrelaza con c\u00edtricos, pl\u00e1tano, fr\u00edjol, frutales y otros. Por eso tambi\u00e9n a esos sectores los estamos beneficiando\u201d, asever\u00f3 Gildardo Monroy Guerrero, director ejecutivo del Comit\u00e9 Departamental de Cafeteros del Tolima.<\/span><\/p>\n<p class=\\\"MsoNormal\\\" style=\\\"text-align: justify;\\\"><span style=\\\"font-size: 12.0pt; line-height: 107%; font-family: \\'Arial\\',sans-serif;\\\">\u201cS\u00f3lo tendremos una caficultura saludable en nuestro Departamento si le apostamos, permanentemente, a los programas de renovaci\u00f3n y nuevas siembras. El a\u00f1o anterior fueron $5.000 millones, este a\u00f1o $6.000 y el a\u00f1o entrante completaremos los $15.000 millones comprometidos por nuestro gobernador. Es clave que las familias se acerquen a los comit\u00e9s municipales y conozcan c\u00f3mo recibir los beneficios\u201d; inform\u00f3 Omar Juli\u00e1n Vald\u00e9s Navarro, secretario de Desarrollo Agropecuario y Producci\u00f3n Alimentaria del Tolima.<\/span><\/p>\n<p class=\\\"MsoNormal\\\" style=\\\"text-align: justify;\\\"><span style=\\\"font-size: 12.0pt; line-height: 107%; font-family: \\'Arial\\',sans-serif;\\\">El primer convenio<\/span><\/p>\n<p class=\\\"MsoNormal\\\" style=\\\"text-align: justify;\\\"><span style=\\\"font-size: 12.0pt; line-height: 107%; font-family: \\'Arial\\',sans-serif;\\\">En el primer convenio, firmado el a\u00f1o anterior, se beneficiaron 8.400 familias dedicadas al cultivo del grano en 38 municipios productores del territorio tolimense.<\/span><\/p>\n","protected":false},"excerpt":{"rendered":"<p>En el evento se firm\u00f3 un nuevo convenio por $6.000 millones con gremio cafetero.<\/p>\n","protected":false},"author":1,"featured_media":0,"comment_status":"open","ping_status":"open","sticky":false,"template":"","format":"standard","meta":{"site-sidebar-layout":"default","site-content-layout":"","ast-site-content-layout":"default","site-content-style":"default","site-sidebar-style":"default","ast-global-header-display":"","ast-banner-title-visibility":"","ast-main-header-display":"","ast-hfb-above-header-display":"","ast-hfb-below-header-display":"","ast-hfb-mobile-header-display":"","site-post-title":"","ast-breadcrumbs-content":"","ast-featured-img":"","footer-sml-layout":"","ast-disable-related-posts":"","theme-transparent-header-meta":"","adv-header-id-meta":"","stick-header-meta":"","header-above-stick-meta":"","header-main-stick-meta":"","header-below-stick-meta":"","astra-migrate-meta-layouts":"default","ast-page-background-enabled":"default","ast-page-background-meta":{"desktop":{"background-color":"var(--ast-global-color-4)","background-image":"","background-repeat":"repeat","background-position":"center center","background-size":"auto","background-attachment":"scroll","background-type":"","background-media":"","overlay-type":"","overlay-color":"","overlay-opacity":"","overlay-gradient":""},"tablet":{"background-color":"","background-image":"","background-repeat":"repeat","background-position":"center center","background-size":"auto","background-attachment":"scroll","background-type":"","background-media":"","overlay-type":"","overlay-color":"","overlay-opacity":"","overlay-gradient":""},"mobile":{"background-color":"","background-image":"","background-repeat":"repeat","background-position":"center center","background-size":"auto","background-attachment":"scroll","background-type":"","background-media":"","overlay-type":"","overlay-color":"","overlay-opacity":"","overlay-gradient":""}},"ast-content-background-meta":{"desktop":{"background-color":"var(--ast-global-color-5)","background-image":"","background-repeat":"repeat","background-position":"center center","background-size":"auto","background-attachment":"scroll","background-type":"","background-media":"","overlay-type":"","overlay-color":"","overlay-opacity":"","overlay-gradient":""},"tablet":{"background-color":"var(--ast-global-color-5)","background-image":"","background-repeat":"repeat","background-position":"center center","background-size":"auto","background-attachment":"scroll","background-type":"","background-media":"","overlay-type":"","overlay-color":"","overlay-opacity":"","overlay-gradient":""},"mobile":{"background-color":"var(--ast-global-color-5)","background-image":"","background-repeat":"repeat","background-position":"center center","background-size":"auto","background-attachment":"scroll","background-type":"","background-media":"","overlay-type":"","overlay-color":"","overlay-opacity":"","overlay-gradient":""}},"footnotes":""},"categories":[17],"tags":[],"class_list":["post-9981","post","type-post","status-publish","format-standard","hentry","category-otras-cofesiones"],"yoast_head":"<!-- This site is optimized with the Yoast SEO plugin v27.4 - https:\/\/yoast.com\/product\/yoast-seo-wordpress\/ -->\n<title>\u201cLo importante es que el caf\u00e9 del Tolima sea el mejor del mundo por su calidad\u201d: Gobernador Ricardo Orozco - El Confesionario<\/title>\n<meta name=\"robots\" content=\"index, follow, max-snippet:-1, max-image-preview:large, max-video-preview:-1\" \/>\n<link rel=\"canonical\" href=\"https:\/\/confesionario.co\/w\/lo-importante-es-que-el-cafe-del-tolima-sea-el-mejor-del-mundo-por-su-calidad-gobernador-ricardo-orozco\/\" \/>\n<meta property=\"og:locale\" content=\"es_ES\" \/>\n<meta property=\"og:type\" content=\"article\" \/>\n<meta property=\"og:title\" content=\"\u201cLo importante es que el caf\u00e9 del Tolima sea el mejor del mundo por su calidad\u201d: Gobernador Ricardo Orozco - El Confesionario\" \/>\n<meta property=\"og:description\" content=\"En el evento se firm\u00f3 un nuevo convenio por $6.000 millones con gremio cafetero.\" \/>\n<meta property=\"og:url\" content=\"https:\/\/confesionario.co\/w\/lo-importante-es-que-el-cafe-del-tolima-sea-el-mejor-del-mundo-por-su-calidad-gobernador-ricardo-orozco\/\" \/>\n<meta property=\"og:site_name\" content=\"El Confesionario\" \/>\n<meta property=\"article:published_time\" content=\"2022-11-02T10:43:47+00:00\" \/>\n<meta name=\"author\" content=\"admin\" \/>\n<meta name=\"twitter:card\" content=\"summary_large_image\" \/>\n<meta name=\"twitter:label1\" content=\"Escrito por\" \/>\n\t<meta name=\"twitter:data1\" content=\"admin\" \/>\n\t<meta name=\"twitter:label2\" content=\"Tiempo de lectura\" \/>\n\t<meta name=\"twitter:data2\" content=\"3 minutos\" \/>\n<script type=\"application\/ld+json\" class=\"yoast-schema-graph\">{\"@context\":\"https:\\\/\\\/schema.org\",\"@graph\":[{\"@type\":\"Article\",\"@id\":\"https:\\\/\\\/confesionario.co\\\/w\\\/lo-importante-es-que-el-cafe-del-tolima-sea-el-mejor-del-mundo-por-su-calidad-gobernador-ricardo-orozco\\\/#article\",\"isPartOf\":{\"@id\":\"https:\\\/\\\/confesionario.co\\\/w\\\/lo-importante-es-que-el-cafe-del-tolima-sea-el-mejor-del-mundo-por-su-calidad-gobernador-ricardo-orozco\\\/\"},\"author\":{\"name\":\"admin\",\"@id\":\"https:\\\/\\\/confesionario.co\\\/w\\\/#\\\/schema\\\/person\\\/85e99333497749318afab96ea0cc2342\"},\"headline\":\"\u201cLo importante es que el caf\u00e9 del Tolima sea el mejor del mundo por su calidad\u201d: Gobernador Ricardo Orozco\",\"datePublished\":\"2022-11-02T10:43:47+00:00\",\"mainEntityOfPage\":{\"@id\":\"https:\\\/\\\/confesionario.co\\\/w\\\/lo-importante-es-que-el-cafe-del-tolima-sea-el-mejor-del-mundo-por-su-calidad-gobernador-ricardo-orozco\\\/\"},\"wordCount\":712,\"commentCount\":0,\"publisher\":{\"@id\":\"https:\\\/\\\/confesionario.co\\\/w\\\/#organization\"},\"articleSection\":[\"Otras confesiones\"],\"inLanguage\":\"es\",\"potentialAction\":[{\"@type\":\"CommentAction\",\"name\":\"Comment\",\"target\":[\"https:\\\/\\\/confesionario.co\\\/w\\\/lo-importante-es-que-el-cafe-del-tolima-sea-el-mejor-del-mundo-por-su-calidad-gobernador-ricardo-orozco\\\/#respond\"]}]},{\"@type\":\"WebPage\",\"@id\":\"https:\\\/\\\/confesionario.co\\\/w\\\/lo-importante-es-que-el-cafe-del-tolima-sea-el-mejor-del-mundo-por-su-calidad-gobernador-ricardo-orozco\\\/\",\"url\":\"https:\\\/\\\/confesionario.co\\\/w\\\/lo-importante-es-que-el-cafe-del-tolima-sea-el-mejor-del-mundo-por-su-calidad-gobernador-ricardo-orozco\\\/\",\"name\":\"\u201cLo importante es que el caf\u00e9 del Tolima sea el mejor del mundo por su calidad\u201d: Gobernador Ricardo Orozco - El Confesionario\",\"isPartOf\":{\"@id\":\"https:\\\/\\\/confesionario.co\\\/w\\\/#website\"},\"datePublished\":\"2022-11-02T10:43:47+00:00\",\"breadcrumb\":{\"@id\":\"https:\\\/\\\/confesionario.co\\\/w\\\/lo-importante-es-que-el-cafe-del-tolima-sea-el-mejor-del-mundo-por-su-calidad-gobernador-ricardo-orozco\\\/#breadcrumb\"},\"inLanguage\":\"es\",\"potentialAction\":[{\"@type\":\"ReadAction\",\"target\":[\"https:\\\/\\\/confesionario.co\\\/w\\\/lo-importante-es-que-el-cafe-del-tolima-sea-el-mejor-del-mundo-por-su-calidad-gobernador-ricardo-orozco\\\/\"]}]},{\"@type\":\"BreadcrumbList\",\"@id\":\"https:\\\/\\\/confesionario.co\\\/w\\\/lo-importante-es-que-el-cafe-del-tolima-sea-el-mejor-del-mundo-por-su-calidad-gobernador-ricardo-orozco\\\/#breadcrumb\",\"itemListElement\":[{\"@type\":\"ListItem\",\"position\":1,\"name\":\"Portada\",\"item\":\"https:\\\/\\\/confesionario.co\\\/w\\\/\"},{\"@type\":\"ListItem\",\"position\":2,\"name\":\"\u201cLo importante es que el caf\u00e9 del Tolima sea el mejor del mundo por su calidad\u201d: Gobernador Ricardo Orozco\"}]},{\"@type\":\"WebSite\",\"@id\":\"https:\\\/\\\/confesionario.co\\\/w\\\/#website\",\"url\":\"https:\\\/\\\/confesionario.co\\\/w\\\/\",\"name\":\"El Confesionario\",\"description\":\"\",\"publisher\":{\"@id\":\"https:\\\/\\\/confesionario.co\\\/w\\\/#organization\"},\"potentialAction\":[{\"@type\":\"SearchAction\",\"target\":{\"@type\":\"EntryPoint\",\"urlTemplate\":\"https:\\\/\\\/confesionario.co\\\/w\\\/?s={search_term_string}\"},\"query-input\":{\"@type\":\"PropertyValueSpecification\",\"valueRequired\":true,\"valueName\":\"search_term_string\"}}],\"inLanguage\":\"es\"},{\"@type\":\"Organization\",\"@id\":\"https:\\\/\\\/confesionario.co\\\/w\\\/#organization\",\"name\":\"El Confesionario\",\"url\":\"https:\\\/\\\/confesionario.co\\\/w\\\/\",\"logo\":{\"@type\":\"ImageObject\",\"inLanguage\":\"es\",\"@id\":\"https:\\\/\\\/confesionario.co\\\/w\\\/#\\\/schema\\\/logo\\\/image\\\/\",\"url\":\"https:\\\/\\\/confesionario.co\\\/w\\\/wp-content\\\/uploads\\\/2026\\\/02\\\/confesionario-horizontal.png\",\"contentUrl\":\"https:\\\/\\\/confesionario.co\\\/w\\\/wp-content\\\/uploads\\\/2026\\\/02\\\/confesionario-horizontal.png\",\"width\":581,\"height\":148,\"caption\":\"El Confesionario\"},\"image\":{\"@id\":\"https:\\\/\\\/confesionario.co\\\/w\\\/#\\\/schema\\\/logo\\\/image\\\/\"}},{\"@type\":\"Person\",\"@id\":\"https:\\\/\\\/confesionario.co\\\/w\\\/#\\\/schema\\\/person\\\/85e99333497749318afab96ea0cc2342\",\"name\":\"admin\",\"image\":{\"@type\":\"ImageObject\",\"inLanguage\":\"es\",\"@id\":\"https:\\\/\\\/secure.gravatar.com\\\/avatar\\\/f3358fe09cfbbfc24265a18ea411b8ee8e54296a50fb17d8acf3cffca66240d2?s=96&d=mm&r=g\",\"url\":\"https:\\\/\\\/secure.gravatar.com\\\/avatar\\\/f3358fe09cfbbfc24265a18ea411b8ee8e54296a50fb17d8acf3cffca66240d2?s=96&d=mm&r=g\",\"contentUrl\":\"https:\\\/\\\/secure.gravatar.com\\\/avatar\\\/f3358fe09cfbbfc24265a18ea411b8ee8e54296a50fb17d8acf3cffca66240d2?s=96&d=mm&r=g\",\"caption\":\"admin\"},\"sameAs\":[\"https:\\\/\\\/elconfesionario.co\\\/w\"],\"url\":\"https:\\\/\\\/confesionario.co\\\/w\\\/author\\\/osabuena\\\/\"}]}<\/script>\n<!-- \/ Yoast SEO plugin. -->","yoast_head_json":{"title":"\u201cLo importante es que el caf\u00e9 del Tolima sea el mejor del mundo por su calidad\u201d: Gobernador Ricardo Orozco - El Confesionario","robots":{"index":"index","follow":"follow","max-snippet":"max-snippet:-1","max-image-preview":"max-image-preview:large","max-video-preview":"max-video-preview:-1"},"canonical":"https:\/\/confesionario.co\/w\/lo-importante-es-que-el-cafe-del-tolima-sea-el-mejor-del-mundo-por-su-calidad-gobernador-ricardo-orozco\/","og_locale":"es_ES","og_type":"article","og_title":"\u201cLo importante es que el caf\u00e9 del Tolima sea el mejor del mundo por su calidad\u201d: Gobernador Ricardo Orozco - El Confesionario","og_description":"En el evento se firm\u00f3 un nuevo convenio por $6.000 millones con gremio cafetero.","og_url":"https:\/\/confesionario.co\/w\/lo-importante-es-que-el-cafe-del-tolima-sea-el-mejor-del-mundo-por-su-calidad-gobernador-ricardo-orozco\/","og_site_name":"El Confesionario","article_published_time":"2022-11-02T10:43:47+00:00","author":"admin","twitter_card":"summary_large_image","twitter_misc":{"Escrito por":"admin","Tiempo de lectura":"3 minutos"},"schema":{"@context":"https:\/\/schema.org","@graph":[{"@type":"Article","@id":"https:\/\/confesionario.co\/w\/lo-importante-es-que-el-cafe-del-tolima-sea-el-mejor-del-mundo-por-su-calidad-gobernador-ricardo-orozco\/#article","isPartOf":{"@id":"https:\/\/confesionario.co\/w\/lo-importante-es-que-el-cafe-del-tolima-sea-el-mejor-del-mundo-por-su-calidad-gobernador-ricardo-orozco\/"},"author":{"name":"admin","@id":"https:\/\/confesionario.co\/w\/#\/schema\/person\/85e99333497749318afab96ea0cc2342"},"headline":"\u201cLo importante es que el caf\u00e9 del Tolima sea el mejor del mundo por su calidad\u201d: Gobernador Ricardo Orozco","datePublished":"2022-11-02T10:43:47+00:00","mainEntityOfPage":{"@id":"https:\/\/confesionario.co\/w\/lo-importante-es-que-el-cafe-del-tolima-sea-el-mejor-del-mundo-por-su-calidad-gobernador-ricardo-orozco\/"},"wordCount":712,"commentCount":0,"publisher":{"@id":"https:\/\/confesionario.co\/w\/#organization"},"articleSection":["Otras confesiones"],"inLanguage":"es","potentialAction":[{"@type":"CommentAction","name":"Comment","target":["https:\/\/confesionario.co\/w\/lo-importante-es-que-el-cafe-del-tolima-sea-el-mejor-del-mundo-por-su-calidad-gobernador-ricardo-orozco\/#respond"]}]},{"@type":"WebPage","@id":"https:\/\/confesionario.co\/w\/lo-importante-es-que-el-cafe-del-tolima-sea-el-mejor-del-mundo-por-su-calidad-gobernador-ricardo-orozco\/","url":"https:\/\/confesionario.co\/w\/lo-importante-es-que-el-cafe-del-tolima-sea-el-mejor-del-mundo-por-su-calidad-gobernador-ricardo-orozco\/","name":"\u201cLo importante es que el caf\u00e9 del Tolima sea el mejor del mundo por su calidad\u201d: Gobernador Ricardo Orozco - El Confesionario","isPartOf":{"@id":"https:\/\/confesionario.co\/w\/#website"},"datePublished":"2022-11-02T10:43:47+00:00","breadcrumb":{"@id":"https:\/\/confesionario.co\/w\/lo-importante-es-que-el-cafe-del-tolima-sea-el-mejor-del-mundo-por-su-calidad-gobernador-ricardo-orozco\/#breadcrumb"},"inLanguage":"es","potentialAction":[{"@type":"ReadAction","target":["https:\/\/confesionario.co\/w\/lo-importante-es-que-el-cafe-del-tolima-sea-el-mejor-del-mundo-por-su-calidad-gobernador-ricardo-orozco\/"]}]},{"@type":"BreadcrumbList","@id":"https:\/\/confesionario.co\/w\/lo-importante-es-que-el-cafe-del-tolima-sea-el-mejor-del-mundo-por-su-calidad-gobernador-ricardo-orozco\/#breadcrumb","itemListElement":[{"@type":"ListItem","position":1,"name":"Portada","item":"https:\/\/confesionario.co\/w\/"},{"@type":"ListItem","position":2,"name":"\u201cLo importante es que el caf\u00e9 del Tolima sea el mejor del mundo por su calidad\u201d: Gobernador Ricardo Orozco"}]},{"@type":"WebSite","@id":"https:\/\/confesionario.co\/w\/#website","url":"https:\/\/confesionario.co\/w\/","name":"El Confesionario","description":"","publisher":{"@id":"https:\/\/confesionario.co\/w\/#organization"},"potentialAction":[{"@type":"SearchAction","target":{"@type":"EntryPoint","urlTemplate":"https:\/\/confesionario.co\/w\/?s={search_term_string}"},"query-input":{"@type":"PropertyValueSpecification","valueRequired":true,"valueName":"search_term_string"}}],"inLanguage":"es"},{"@type":"Organization","@id":"https:\/\/confesionario.co\/w\/#organization","name":"El Confesionario","url":"https:\/\/confesionario.co\/w\/","logo":{"@type":"ImageObject","inLanguage":"es","@id":"https:\/\/confesionario.co\/w\/#\/schema\/logo\/image\/","url":"https:\/\/confesionario.co\/w\/wp-content\/uploads\/2026\/02\/confesionario-horizontal.png","contentUrl":"https:\/\/confesionario.co\/w\/wp-content\/uploads\/2026\/02\/confesionario-horizontal.png","width":581,"height":148,"caption":"El Confesionario"},"image":{"@id":"https:\/\/confesionario.co\/w\/#\/schema\/logo\/image\/"}},{"@type":"Person","@id":"https:\/\/confesionario.co\/w\/#\/schema\/person\/85e99333497749318afab96ea0cc2342","name":"admin","image":{"@type":"ImageObject","inLanguage":"es","@id":"https:\/\/secure.gravatar.com\/avatar\/f3358fe09cfbbfc24265a18ea411b8ee8e54296a50fb17d8acf3cffca66240d2?s=96&d=mm&r=g","url":"https:\/\/secure.gravatar.com\/avatar\/f3358fe09cfbbfc24265a18ea411b8ee8e54296a50fb17d8acf3cffca66240d2?s=96&d=mm&r=g","contentUrl":"https:\/\/secure.gravatar.com\/avatar\/f3358fe09cfbbfc24265a18ea411b8ee8e54296a50fb17d8acf3cffca66240d2?s=96&d=mm&r=g","caption":"admin"},"sameAs":["https:\/\/elconfesionario.co\/w"],"url":"https:\/\/confesionario.co\/w\/author\/osabuena\/"}]}},"jetpack_featured_media_url":"","_links":{"self":[{"href":"https:\/\/confesionario.co\/w\/wp-json\/wp\/v2\/posts\/9981","targetHints":{"allow":["GET"]}}],"collection":[{"href":"https:\/\/confesionario.co\/w\/wp-json\/wp\/v2\/posts"}],"about":[{"href":"https:\/\/confesionario.co\/w\/wp-json\/wp\/v2\/types\/post"}],"author":[{"embeddable":true,"href":"https:\/\/confesionario.co\/w\/wp-json\/wp\/v2\/users\/1"}],"replies":[{"embeddable":true,"href":"https:\/\/confesionario.co\/w\/wp-json\/wp\/v2\/comments?post=9981"}],"version-history":[{"count":0,"href":"https:\/\/confesionario.co\/w\/wp-json\/wp\/v2\/posts\/9981\/revisions"}],"wp:attachment":[{"href":"https:\/\/confesionario.co\/w\/wp-json\/wp\/v2\/media?parent=9981"}],"wp:term":[{"taxonomy":"category","embeddable":true,"href":"https:\/\/confesionario.co\/w\/wp-json\/wp\/v2\/categories?post=9981"},{"taxonomy":"post_tag","embeddable":true,"href":"https:\/\/confesionario.co\/w\/wp-json\/wp\/v2\/tags?post=9981"}],"curies":[{"name":"wp","href":"https:\/\/api.w.org\/{rel}","templated":true}]}}