{"id":9983,"date":"2022-11-02T10:55:29","date_gmt":"2022-11-02T10:55:29","guid":{"rendered":"https:\/\/confesionario.co\/w\/proyecto-innovacafe-por-16-000-millones-fue-presentado-a-la-dirigencia-cafetera-del-tolima\/"},"modified":"2022-11-02T10:55:29","modified_gmt":"2022-11-02T10:55:29","slug":"proyecto-innovacafe-por-16-000-millones-fue-presentado-a-la-dirigencia-cafetera-del-tolima","status":"publish","type":"post","link":"https:\/\/confesionario.co\/w\/proyecto-innovacafe-por-16-000-millones-fue-presentado-a-la-dirigencia-cafetera-del-tolima\/","title":{"rendered":"Proyecto Innovacaf\u00e9, por $16.000 millones, fue presentado a la dirigencia cafetera del Tolima"},"content":{"rendered":"<p class=\\\"MsoNormal\\\" style=\\\"text-align: justify;\\\"><span style=\\\"font-size: 12.0pt; line-height: 107%; font-family: \\'Arial\\',sans-serif;\\\">La Estrategia que ejecutar\u00e1 la Gobernaci\u00f3n del Tolima junto al Comit\u00e9 de Cafeteros, Cortolima y la Universidad del Tolima, busca mejorar la calidad de caf\u00e9 que produce en las cordilleras de la regi\u00f3n.<\/span><\/p>\n<p><!--more--><\/p>\n<p class=\\\"MsoNormal\\\" style=\\\"text-align: justify;\\\"><span style=\\\"font-size: 12.0pt; line-height: 107%; font-family: \\'Arial\\',sans-serif;\\\">Un nuevo proyecto de Ciencia, Tecnolog\u00eda e Innovaci\u00f3n por $16.000 millones que busca producir caf\u00e9 de alta calidad, mejorando los procesos de secado, fue presentado oficialmente por la Gobernaci\u00f3n del Tolima ante la dirigencia cafetera del departamento reunida en Ibagu\u00e9.<\/span><\/p>\n<p class=\\\"MsoNormal\\\" style=\\\"text-align: justify;\\\"><span style=\\\"font-size: 12.0pt; line-height: 107%; font-family: \\'Arial\\',sans-serif;\\\">Se trata de la estrategia denominada \u201cImplementaci\u00f3n de Innovaciones Tecnol\u00f3gicas, en los Procesos de Postcosecha, en pro de Mejorar la Calidad y Sostenibilidad del Caf\u00e9 en el Departamento del Tolima Innovacaf\u00e9\u201d. Los recursos fueron apropiados por el Sistema General de Regal\u00edas a trav\u00e9s de Ciencia, Tecnolog\u00eda e Innovaci\u00f3n.<\/span><\/p>\n<p class=\\\"MsoNormal\\\" style=\\\"text-align: justify;\\\"><span style=\\\"font-size: 12.0pt; line-height: 107%; font-family: \\'Arial\\',sans-serif;\\\">El secretario General de la Gobernaci\u00f3n del Tolima, Santiago Barreto Triana, fue el encargado de exponer los detalles del proyecto Innovacaf\u00e9 que en esta oportunidad beneficiar\u00e1 a 900 familias cultivadoras del grano, establecidas en 20 municipios productores del territorio tolimense. Destac\u00f3 Barreto Triana que la estrategia contar\u00e1 con los aportes y experiencia del Comit\u00e9 Departamental de Cafeteros del Tolima, la Corporaci\u00f3n Aut\u00f3noma Regional del Tolima Cortolima, la Universidad del Tolima y, por supuesto, la Gobernaci\u00f3n del Tolima, instituci\u00f3n que logr\u00f3 la asignaci\u00f3n de los recursos.<\/span><\/p>\n<p class=\\\"MsoNormal\\\" style=\\\"text-align: justify;\\\"><span style=\\\"font-size: 12.0pt; line-height: 107%; font-family: \\'Arial\\',sans-serif;\\\">\u201cA cada familia beneficiaria, Innovacaf\u00e9 le entegar\u00e1 un semiintegrado, un secador solar tipo marquesina, tanques, filtros verdes y herramientas de \u00faltima tecnolog\u00eda para mejorar y potenciar las buenas pr\u00e1cticas de secado. De igual manera, el proyecto instalar\u00e1 dos microcentrales de secado que estar\u00e1n ubicadas en los centros poblados de Gaitania y Bilbao como premio a las regiones que presentan mayores fortalezas en temas de asociatividad y producci\u00f3n, como quiera que Planadas es el municipio que m\u00e1s produce caf\u00e9 en nuestro Departamento\u201d, destac\u00f3 el funcionario.<\/span><\/p>\n<p class=\\\"MsoNormal\\\" style=\\\"text-align: justify;\\\"><span style=\\\"font-size: 12.0pt; line-height: 107%; font-family: \\'Arial\\',sans-serif;\\\">Innovacaf\u00e9 tambi\u00e9n incluy\u00f3 los procesos de barismo, cataci\u00f3n y tosti\u00f3n. Los 200 caficultores beneficiarios que obtengan los mejores puntajes en la calidad de su grano, ser\u00e1n reconocidos con el Diplomado en Tosti\u00f3n, Cataci\u00f3n y Barismo que impartir\u00e1 el Laboratorio de Caf\u00e9s Especiales de la Universidad del Tolima, certificado por la Asociaci\u00f3n Americana de Caf\u00e9s Especiales (SCA).<\/span><\/p>\n<p class=\\\"MsoNormal\\\" style=\\\"text-align: justify;\\\"><span style=\\\"font-size: 12.0pt; line-height: 107%; font-family: \\'Arial\\',sans-serif;\\\">Santiago Barreto Triana record\u00f3 que varios de los cafeteros del Tolima han sido ganadores de acreditados concursos especializados como Colombia Tierra de Diversidad, en el que los productores tolimenses han ganado en m\u00e1s oportunidades los atributos de calidad. As\u00ed mismo, Taza de la Excelencia, conquistado en dos oportunidades por mujeres caficultoras del sur del departamento.<\/span><\/p>\n<p class=\\\"MsoNormal\\\" style=\\\"text-align: justify;\\\"><span style=\\\"font-size: 12.0pt; line-height: 107%; font-family: \\'Arial\\',sans-serif;\\\">Al finalizar su exposici\u00f3n ante el propio gerente general de la Federaci\u00f3n Nacional de Cafeteros de Colombia, Roberto V\u00e9lez Vallejo, el ic\u00f3nico Juan Valdez, los directivos del Comit\u00e9 Departamental de Cafeteros y de los 28 comit\u00e9s municipales, el secretario general de la Gobernaci\u00f3n asever\u00f3 que este proyecto Innovacaf\u00e9 pretende no s\u00f3lo mejorar la calidad del caf\u00e9 que se produce en las cordilleras tolimenses, tambi\u00e9n mejorar los \u00edndices de exportaci\u00f3n del grano que lideran Antioquia, Caldas, Huila, Quind\u00edo, Risaralda y Tolima; este \u00faltimo con 10 millones de d\u00f3lares anuales.<\/span><\/p>\n","protected":false},"excerpt":{"rendered":"<p>La Estrategia que ejecutar\u00e1 la Gobernaci\u00f3n del Tolima junto al Comit\u00e9 de Cafeteros, Cortolima y la Universidad del Tolima, busca [&hellip;]<\/p>\n","protected":false},"author":1,"featured_media":0,"comment_status":"open","ping_status":"open","sticky":false,"template":"","format":"standard","meta":{"site-sidebar-layout":"default","site-content-layout":"","ast-site-content-layout":"default","site-content-style":"default","site-sidebar-style":"default","ast-global-header-display":"","ast-banner-title-visibility":"","ast-main-header-display":"","ast-hfb-above-header-display":"","ast-hfb-below-header-display":"","ast-hfb-mobile-header-display":"","site-post-title":"","ast-breadcrumbs-content":"","ast-featured-img":"","footer-sml-layout":"","ast-disable-related-posts":"","theme-transparent-header-meta":"","adv-header-id-meta":"","stick-header-meta":"","header-above-stick-meta":"","header-main-stick-meta":"","header-below-stick-meta":"","astra-migrate-meta-layouts":"default","ast-page-background-enabled":"default","ast-page-background-meta":{"desktop":{"background-color":"var(--ast-global-color-4)","background-image":"","background-repeat":"repeat","background-position":"center center","background-size":"auto","background-attachment":"scroll","background-type":"","background-media":"","overlay-type":"","overlay-color":"","overlay-opacity":"","overlay-gradient":""},"tablet":{"background-color":"","background-image":"","background-repeat":"repeat","background-position":"center center","background-size":"auto","background-attachment":"scroll","background-type":"","background-media":"","overlay-type":"","overlay-color":"","overlay-opacity":"","overlay-gradient":""},"mobile":{"background-color":"","background-image":"","background-repeat":"repeat","background-position":"center center","background-size":"auto","background-attachment":"scroll","background-type":"","background-media":"","overlay-type":"","overlay-color":"","overlay-opacity":"","overlay-gradient":""}},"ast-content-background-meta":{"desktop":{"background-color":"var(--ast-global-color-5)","background-image":"","background-repeat":"repeat","background-position":"center center","background-size":"auto","background-attachment":"scroll","background-type":"","background-media":"","overlay-type":"","overlay-color":"","overlay-opacity":"","overlay-gradient":""},"tablet":{"background-color":"var(--ast-global-color-5)","background-image":"","background-repeat":"repeat","background-position":"center center","background-size":"auto","background-attachment":"scroll","background-type":"","background-media":"","overlay-type":"","overlay-color":"","overlay-opacity":"","overlay-gradient":""},"mobile":{"background-color":"var(--ast-global-color-5)","background-image":"","background-repeat":"repeat","background-position":"center center","background-size":"auto","background-attachment":"scroll","background-type":"","background-media":"","overlay-type":"","overlay-color":"","overlay-opacity":"","overlay-gradient":""}},"footnotes":""},"categories":[17],"tags":[],"class_list":["post-9983","post","type-post","status-publish","format-standard","hentry","category-otras-cofesiones"],"yoast_head":"<!-- This site is optimized with the Yoast SEO plugin v27.4 - https:\/\/yoast.com\/product\/yoast-seo-wordpress\/ -->\n<title>Proyecto Innovacaf\u00e9, por $16.000 millones, fue presentado a la dirigencia cafetera del Tolima - El Confesionario<\/title>\n<meta name=\"robots\" content=\"index, follow, max-snippet:-1, max-image-preview:large, max-video-preview:-1\" \/>\n<link rel=\"canonical\" href=\"https:\/\/confesionario.co\/w\/proyecto-innovacafe-por-16-000-millones-fue-presentado-a-la-dirigencia-cafetera-del-tolima\/\" \/>\n<meta property=\"og:locale\" content=\"es_ES\" \/>\n<meta property=\"og:type\" content=\"article\" \/>\n<meta property=\"og:title\" content=\"Proyecto Innovacaf\u00e9, por $16.000 millones, fue presentado a la dirigencia cafetera del Tolima - El Confesionario\" \/>\n<meta property=\"og:description\" content=\"La Estrategia que ejecutar\u00e1 la Gobernaci\u00f3n del Tolima junto al Comit\u00e9 de Cafeteros, Cortolima y la Universidad del Tolima, busca [&hellip;]\" \/>\n<meta property=\"og:url\" content=\"https:\/\/confesionario.co\/w\/proyecto-innovacafe-por-16-000-millones-fue-presentado-a-la-dirigencia-cafetera-del-tolima\/\" \/>\n<meta property=\"og:site_name\" content=\"El Confesionario\" \/>\n<meta property=\"article:published_time\" content=\"2022-11-02T10:55:29+00:00\" \/>\n<meta name=\"author\" content=\"admin\" \/>\n<meta name=\"twitter:card\" content=\"summary_large_image\" \/>\n<meta name=\"twitter:label1\" content=\"Escrito por\" \/>\n\t<meta name=\"twitter:data1\" content=\"admin\" \/>\n\t<meta name=\"twitter:label2\" content=\"Tiempo de lectura\" \/>\n\t<meta name=\"twitter:data2\" content=\"3 minutos\" \/>\n<script type=\"application\/ld+json\" class=\"yoast-schema-graph\">{\"@context\":\"https:\\\/\\\/schema.org\",\"@graph\":[{\"@type\":\"Article\",\"@id\":\"https:\\\/\\\/confesionario.co\\\/w\\\/proyecto-innovacafe-por-16-000-millones-fue-presentado-a-la-dirigencia-cafetera-del-tolima\\\/#article\",\"isPartOf\":{\"@id\":\"https:\\\/\\\/confesionario.co\\\/w\\\/proyecto-innovacafe-por-16-000-millones-fue-presentado-a-la-dirigencia-cafetera-del-tolima\\\/\"},\"author\":{\"name\":\"admin\",\"@id\":\"https:\\\/\\\/confesionario.co\\\/w\\\/#\\\/schema\\\/person\\\/85e99333497749318afab96ea0cc2342\"},\"headline\":\"Proyecto Innovacaf\u00e9, por $16.000 millones, fue presentado a la dirigencia cafetera del Tolima\",\"datePublished\":\"2022-11-02T10:55:29+00:00\",\"mainEntityOfPage\":{\"@id\":\"https:\\\/\\\/confesionario.co\\\/w\\\/proyecto-innovacafe-por-16-000-millones-fue-presentado-a-la-dirigencia-cafetera-del-tolima\\\/\"},\"wordCount\":538,\"commentCount\":0,\"publisher\":{\"@id\":\"https:\\\/\\\/confesionario.co\\\/w\\\/#organization\"},\"articleSection\":[\"Otras confesiones\"],\"inLanguage\":\"es\",\"potentialAction\":[{\"@type\":\"CommentAction\",\"name\":\"Comment\",\"target\":[\"https:\\\/\\\/confesionario.co\\\/w\\\/proyecto-innovacafe-por-16-000-millones-fue-presentado-a-la-dirigencia-cafetera-del-tolima\\\/#respond\"]}]},{\"@type\":\"WebPage\",\"@id\":\"https:\\\/\\\/confesionario.co\\\/w\\\/proyecto-innovacafe-por-16-000-millones-fue-presentado-a-la-dirigencia-cafetera-del-tolima\\\/\",\"url\":\"https:\\\/\\\/confesionario.co\\\/w\\\/proyecto-innovacafe-por-16-000-millones-fue-presentado-a-la-dirigencia-cafetera-del-tolima\\\/\",\"name\":\"Proyecto Innovacaf\u00e9, por $16.000 millones, fue presentado a la dirigencia cafetera del Tolima - El Confesionario\",\"isPartOf\":{\"@id\":\"https:\\\/\\\/confesionario.co\\\/w\\\/#website\"},\"datePublished\":\"2022-11-02T10:55:29+00:00\",\"breadcrumb\":{\"@id\":\"https:\\\/\\\/confesionario.co\\\/w\\\/proyecto-innovacafe-por-16-000-millones-fue-presentado-a-la-dirigencia-cafetera-del-tolima\\\/#breadcrumb\"},\"inLanguage\":\"es\",\"potentialAction\":[{\"@type\":\"ReadAction\",\"target\":[\"https:\\\/\\\/confesionario.co\\\/w\\\/proyecto-innovacafe-por-16-000-millones-fue-presentado-a-la-dirigencia-cafetera-del-tolima\\\/\"]}]},{\"@type\":\"BreadcrumbList\",\"@id\":\"https:\\\/\\\/confesionario.co\\\/w\\\/proyecto-innovacafe-por-16-000-millones-fue-presentado-a-la-dirigencia-cafetera-del-tolima\\\/#breadcrumb\",\"itemListElement\":[{\"@type\":\"ListItem\",\"position\":1,\"name\":\"Portada\",\"item\":\"https:\\\/\\\/confesionario.co\\\/w\\\/\"},{\"@type\":\"ListItem\",\"position\":2,\"name\":\"Proyecto Innovacaf\u00e9, por $16.000 millones, fue presentado a la dirigencia cafetera del Tolima\"}]},{\"@type\":\"WebSite\",\"@id\":\"https:\\\/\\\/confesionario.co\\\/w\\\/#website\",\"url\":\"https:\\\/\\\/confesionario.co\\\/w\\\/\",\"name\":\"El Confesionario\",\"description\":\"\",\"publisher\":{\"@id\":\"https:\\\/\\\/confesionario.co\\\/w\\\/#organization\"},\"potentialAction\":[{\"@type\":\"SearchAction\",\"target\":{\"@type\":\"EntryPoint\",\"urlTemplate\":\"https:\\\/\\\/confesionario.co\\\/w\\\/?s={search_term_string}\"},\"query-input\":{\"@type\":\"PropertyValueSpecification\",\"valueRequired\":true,\"valueName\":\"search_term_string\"}}],\"inLanguage\":\"es\"},{\"@type\":\"Organization\",\"@id\":\"https:\\\/\\\/confesionario.co\\\/w\\\/#organization\",\"name\":\"El Confesionario\",\"url\":\"https:\\\/\\\/confesionario.co\\\/w\\\/\",\"logo\":{\"@type\":\"ImageObject\",\"inLanguage\":\"es\",\"@id\":\"https:\\\/\\\/confesionario.co\\\/w\\\/#\\\/schema\\\/logo\\\/image\\\/\",\"url\":\"https:\\\/\\\/confesionario.co\\\/w\\\/wp-content\\\/uploads\\\/2026\\\/02\\\/confesionario-horizontal.png\",\"contentUrl\":\"https:\\\/\\\/confesionario.co\\\/w\\\/wp-content\\\/uploads\\\/2026\\\/02\\\/confesionario-horizontal.png\",\"width\":581,\"height\":148,\"caption\":\"El Confesionario\"},\"image\":{\"@id\":\"https:\\\/\\\/confesionario.co\\\/w\\\/#\\\/schema\\\/logo\\\/image\\\/\"}},{\"@type\":\"Person\",\"@id\":\"https:\\\/\\\/confesionario.co\\\/w\\\/#\\\/schema\\\/person\\\/85e99333497749318afab96ea0cc2342\",\"name\":\"admin\",\"image\":{\"@type\":\"ImageObject\",\"inLanguage\":\"es\",\"@id\":\"https:\\\/\\\/secure.gravatar.com\\\/avatar\\\/f3358fe09cfbbfc24265a18ea411b8ee8e54296a50fb17d8acf3cffca66240d2?s=96&d=mm&r=g\",\"url\":\"https:\\\/\\\/secure.gravatar.com\\\/avatar\\\/f3358fe09cfbbfc24265a18ea411b8ee8e54296a50fb17d8acf3cffca66240d2?s=96&d=mm&r=g\",\"contentUrl\":\"https:\\\/\\\/secure.gravatar.com\\\/avatar\\\/f3358fe09cfbbfc24265a18ea411b8ee8e54296a50fb17d8acf3cffca66240d2?s=96&d=mm&r=g\",\"caption\":\"admin\"},\"sameAs\":[\"https:\\\/\\\/elconfesionario.co\\\/w\"],\"url\":\"https:\\\/\\\/confesionario.co\\\/w\\\/author\\\/osabuena\\\/\"}]}<\/script>\n<!-- \/ Yoast SEO plugin. -->","yoast_head_json":{"title":"Proyecto Innovacaf\u00e9, por $16.000 millones, fue presentado a la dirigencia cafetera del Tolima - El Confesionario","robots":{"index":"index","follow":"follow","max-snippet":"max-snippet:-1","max-image-preview":"max-image-preview:large","max-video-preview":"max-video-preview:-1"},"canonical":"https:\/\/confesionario.co\/w\/proyecto-innovacafe-por-16-000-millones-fue-presentado-a-la-dirigencia-cafetera-del-tolima\/","og_locale":"es_ES","og_type":"article","og_title":"Proyecto Innovacaf\u00e9, por $16.000 millones, fue presentado a la dirigencia cafetera del Tolima - El Confesionario","og_description":"La Estrategia que ejecutar\u00e1 la Gobernaci\u00f3n del Tolima junto al Comit\u00e9 de Cafeteros, Cortolima y la Universidad del Tolima, busca [&hellip;]","og_url":"https:\/\/confesionario.co\/w\/proyecto-innovacafe-por-16-000-millones-fue-presentado-a-la-dirigencia-cafetera-del-tolima\/","og_site_name":"El Confesionario","article_published_time":"2022-11-02T10:55:29+00:00","author":"admin","twitter_card":"summary_large_image","twitter_misc":{"Escrito por":"admin","Tiempo de lectura":"3 minutos"},"schema":{"@context":"https:\/\/schema.org","@graph":[{"@type":"Article","@id":"https:\/\/confesionario.co\/w\/proyecto-innovacafe-por-16-000-millones-fue-presentado-a-la-dirigencia-cafetera-del-tolima\/#article","isPartOf":{"@id":"https:\/\/confesionario.co\/w\/proyecto-innovacafe-por-16-000-millones-fue-presentado-a-la-dirigencia-cafetera-del-tolima\/"},"author":{"name":"admin","@id":"https:\/\/confesionario.co\/w\/#\/schema\/person\/85e99333497749318afab96ea0cc2342"},"headline":"Proyecto Innovacaf\u00e9, por $16.000 millones, fue presentado a la dirigencia cafetera del Tolima","datePublished":"2022-11-02T10:55:29+00:00","mainEntityOfPage":{"@id":"https:\/\/confesionario.co\/w\/proyecto-innovacafe-por-16-000-millones-fue-presentado-a-la-dirigencia-cafetera-del-tolima\/"},"wordCount":538,"commentCount":0,"publisher":{"@id":"https:\/\/confesionario.co\/w\/#organization"},"articleSection":["Otras confesiones"],"inLanguage":"es","potentialAction":[{"@type":"CommentAction","name":"Comment","target":["https:\/\/confesionario.co\/w\/proyecto-innovacafe-por-16-000-millones-fue-presentado-a-la-dirigencia-cafetera-del-tolima\/#respond"]}]},{"@type":"WebPage","@id":"https:\/\/confesionario.co\/w\/proyecto-innovacafe-por-16-000-millones-fue-presentado-a-la-dirigencia-cafetera-del-tolima\/","url":"https:\/\/confesionario.co\/w\/proyecto-innovacafe-por-16-000-millones-fue-presentado-a-la-dirigencia-cafetera-del-tolima\/","name":"Proyecto Innovacaf\u00e9, por $16.000 millones, fue presentado a la dirigencia cafetera del Tolima - El Confesionario","isPartOf":{"@id":"https:\/\/confesionario.co\/w\/#website"},"datePublished":"2022-11-02T10:55:29+00:00","breadcrumb":{"@id":"https:\/\/confesionario.co\/w\/proyecto-innovacafe-por-16-000-millones-fue-presentado-a-la-dirigencia-cafetera-del-tolima\/#breadcrumb"},"inLanguage":"es","potentialAction":[{"@type":"ReadAction","target":["https:\/\/confesionario.co\/w\/proyecto-innovacafe-por-16-000-millones-fue-presentado-a-la-dirigencia-cafetera-del-tolima\/"]}]},{"@type":"BreadcrumbList","@id":"https:\/\/confesionario.co\/w\/proyecto-innovacafe-por-16-000-millones-fue-presentado-a-la-dirigencia-cafetera-del-tolima\/#breadcrumb","itemListElement":[{"@type":"ListItem","position":1,"name":"Portada","item":"https:\/\/confesionario.co\/w\/"},{"@type":"ListItem","position":2,"name":"Proyecto Innovacaf\u00e9, por $16.000 millones, fue presentado a la dirigencia cafetera del Tolima"}]},{"@type":"WebSite","@id":"https:\/\/confesionario.co\/w\/#website","url":"https:\/\/confesionario.co\/w\/","name":"El Confesionario","description":"","publisher":{"@id":"https:\/\/confesionario.co\/w\/#organization"},"potentialAction":[{"@type":"SearchAction","target":{"@type":"EntryPoint","urlTemplate":"https:\/\/confesionario.co\/w\/?s={search_term_string}"},"query-input":{"@type":"PropertyValueSpecification","valueRequired":true,"valueName":"search_term_string"}}],"inLanguage":"es"},{"@type":"Organization","@id":"https:\/\/confesionario.co\/w\/#organization","name":"El Confesionario","url":"https:\/\/confesionario.co\/w\/","logo":{"@type":"ImageObject","inLanguage":"es","@id":"https:\/\/confesionario.co\/w\/#\/schema\/logo\/image\/","url":"https:\/\/confesionario.co\/w\/wp-content\/uploads\/2026\/02\/confesionario-horizontal.png","contentUrl":"https:\/\/confesionario.co\/w\/wp-content\/uploads\/2026\/02\/confesionario-horizontal.png","width":581,"height":148,"caption":"El Confesionario"},"image":{"@id":"https:\/\/confesionario.co\/w\/#\/schema\/logo\/image\/"}},{"@type":"Person","@id":"https:\/\/confesionario.co\/w\/#\/schema\/person\/85e99333497749318afab96ea0cc2342","name":"admin","image":{"@type":"ImageObject","inLanguage":"es","@id":"https:\/\/secure.gravatar.com\/avatar\/f3358fe09cfbbfc24265a18ea411b8ee8e54296a50fb17d8acf3cffca66240d2?s=96&d=mm&r=g","url":"https:\/\/secure.gravatar.com\/avatar\/f3358fe09cfbbfc24265a18ea411b8ee8e54296a50fb17d8acf3cffca66240d2?s=96&d=mm&r=g","contentUrl":"https:\/\/secure.gravatar.com\/avatar\/f3358fe09cfbbfc24265a18ea411b8ee8e54296a50fb17d8acf3cffca66240d2?s=96&d=mm&r=g","caption":"admin"},"sameAs":["https:\/\/elconfesionario.co\/w"],"url":"https:\/\/confesionario.co\/w\/author\/osabuena\/"}]}},"jetpack_featured_media_url":"","_links":{"self":[{"href":"https:\/\/confesionario.co\/w\/wp-json\/wp\/v2\/posts\/9983","targetHints":{"allow":["GET"]}}],"collection":[{"href":"https:\/\/confesionario.co\/w\/wp-json\/wp\/v2\/posts"}],"about":[{"href":"https:\/\/confesionario.co\/w\/wp-json\/wp\/v2\/types\/post"}],"author":[{"embeddable":true,"href":"https:\/\/confesionario.co\/w\/wp-json\/wp\/v2\/users\/1"}],"replies":[{"embeddable":true,"href":"https:\/\/confesionario.co\/w\/wp-json\/wp\/v2\/comments?post=9983"}],"version-history":[{"count":0,"href":"https:\/\/confesionario.co\/w\/wp-json\/wp\/v2\/posts\/9983\/revisions"}],"wp:attachment":[{"href":"https:\/\/confesionario.co\/w\/wp-json\/wp\/v2\/media?parent=9983"}],"wp:term":[{"taxonomy":"category","embeddable":true,"href":"https:\/\/confesionario.co\/w\/wp-json\/wp\/v2\/categories?post=9983"},{"taxonomy":"post_tag","embeddable":true,"href":"https:\/\/confesionario.co\/w\/wp-json\/wp\/v2\/tags?post=9983"}],"curies":[{"name":"wp","href":"https:\/\/api.w.org\/{rel}","templated":true}]}}