{"id":9996,"date":"2022-11-24T01:50:36","date_gmt":"2022-11-24T01:50:36","guid":{"rendered":"https:\/\/confesionario.co\/w\/cerca-de-200-000-millones-aseguro-el-gobernador-orozco-para-la-educacion-superior\/"},"modified":"2022-11-24T01:50:36","modified_gmt":"2022-11-24T01:50:36","slug":"cerca-de-200-000-millones-aseguro-el-gobernador-orozco-para-la-educacion-superior","status":"publish","type":"post","link":"https:\/\/confesionario.co\/w\/cerca-de-200-000-millones-aseguro-el-gobernador-orozco-para-la-educacion-superior\/","title":{"rendered":"Cerca de $200.000 millones asegur\u00f3 el gobernador Orozco para la educaci\u00f3n superior"},"content":{"rendered":"<p class=\\\"MsoNormal\\\" style=\\\"text-align: justify;\\\"><span style=\\\"font-size: 12.0pt; line-height: 107%; font-family: \\'Arial\\',sans-serif;\\\">Entre la financiaci\u00f3n de la gratuidad educativa permanente y las transferencias a las universidades p\u00fablicas del Tolima, el gobierno departamental ha invertido una cifra hist\u00f3rica por la educaci\u00f3n superior.<\/span><\/p>\n<p><!--more--><\/p>\n<p class=\\\"MsoNormal\\\" style=\\\"text-align: justify;\\\"><span style=\\\"font-size: 12.0pt; line-height: 107%; font-family: \\'Arial\\',sans-serif;\\\">Luego de su aprobaci\u00f3n en la Asamblea del Tolima, el gobernador Ricardo Orozco Valero sancion\u00f3 la ordenanza que garantiza $32.630 millones de vigencias futuras para subsidiar hasta 2027 los cupos de gratuidad educativa permanente, iniciativa bandera del gobierno \\&#8217;El Tolima nos Une\\&#8217;.<\/span><\/p>\n<p class=\\\"MsoNormal\\\" style=\\\"text-align: justify;\\\"><span style=\\\"font-size: 12.0pt; line-height: 107%; font-family: \\'Arial\\',sans-serif;\\\">Entre la financiaci\u00f3n de esta pol\u00edtica y las transferencias a las universidades p\u00fablicas del Tolima, la Gobernaci\u00f3n ha entregado a la educaci\u00f3n superior unos $110.000 millones, cifra que aumentar\u00e1 a cerca de $200.000 millones a 2027 gracias a la gesti\u00f3n de Orozco Valero.<\/span><\/p>\n<p class=\\\"MsoNormal\\\" style=\\\"text-align: justify;\\\"><span style=\\\"font-size: 12.0pt; line-height: 107%; font-family: \\'Arial\\',sans-serif;\\\">Seg\u00fan el mandatario seccional, alrededor de 70.000 personas se han beneficiado de la gratuidad educativa en varias instituciones, en especial la Universidad del Tolima, el Conservatorio del Tolima y el Instituto Tolimense de Formaci\u00f3n T\u00e9cnica Profesional, Itfip.<\/span><\/p>\n<p class=\\\"MsoNormal\\\" style=\\\"text-align: justify;\\\"><span style=\\\"font-size: 12.0pt; line-height: 107%; font-family: \\'Arial\\',sans-serif;\\\">\u201cNo es un hecho aislado lo que estamos haciendo. Es la g\u00e9nesis de un sue\u00f1o de poder llevarle a la gente menos favorecida y m\u00e1s vulnerable la posibilidad de tener un proyecto de vida que le signifique ser profesional y avanzar de manera significativa con su familia, sin importar su estrato socioecon\u00f3mico, ideolog\u00eda pol\u00edtica y creencias religiosas\u201d, indic\u00f3.<\/span><\/p>\n<p class=\\\"MsoNormal\\\" style=\\\"text-align: justify;\\\"><span style=\\\"font-size: 12.0pt; line-height: 107%; font-family: \\'Arial\\',sans-serif;\\\">Para dimensionar el impacto de esta pol\u00edtica, Orozco Valero dijo que mientras la Alcald\u00eda de Bogot\u00e1 asign\u00f3 20.000 cupos con un presupuesto anual de $30 billones, la Gobernaci\u00f3n del Tolima triplic\u00f3 ese n\u00famero de cupos con un presupuesto de apenas $1.2 billones.<\/span><\/p>\n<p class=\\\"MsoNormal\\\" style=\\\"text-align: justify;\\\"><span style=\\\"font-size: 12.0pt; line-height: 107%; font-family: \\'Arial\\',sans-serif;\\\">\u201cSi hoy fuera mi \u00faltimo d\u00eda de mandato, o de vida, me ir\u00eda tranquilo porque lo m\u00e1s importante de uno como gobernante no es inaugurar obras de cemento sino darle oportunidad a los seres humanos y herramientas para que tengan un mejor nivel de vida\u201d, coment\u00f3 el mandatario.<\/span><\/p>\n<p class=\\\"MsoNormal\\\" style=\\\"text-align: justify;\\\"><span style=\\\"font-size: 12.0pt; line-height: 107%; font-family: \\'Arial\\',sans-serif;\\\">Orozco Valero record\u00f3 que ya est\u00e1 creado el Fondo de Educaci\u00f3n Superior, con el cual el pr\u00f3ximo a\u00f1o se planea financiar t\u00edtulos de posgrado para algunos j\u00f3venes, as\u00ed como programas de intercambio por fuera del pa\u00eds para que aprendan un segundo idioma. <\/span><\/p>\n<p class=\\\"MsoNormal\\\" style=\\\"text-align: justify;\\\"><span style=\\\"font-size: 12.0pt; line-height: 107%; font-family: \\'Arial\\',sans-serif;\\\">Tambi\u00e9n explic\u00f3 que en 2023 ser\u00e1 presentada a la Asamblea el proyecto de pol\u00edtica p\u00fablica de educaci\u00f3n superior, con el fin de que los pr\u00f3ximos gobernadores, indistintamente de la l\u00ednea pol\u00edtica o sus preferencias de inversi\u00f3n, est\u00e9n obligados a destinar recursos para financiar los cupos educativos.<\/span><\/p>\n<p class=\\\"MsoNormal\\\" style=\\\"text-align: justify;\\\"><span style=\\\"font-size: 12.0pt; line-height: 107%; font-family: \\'Arial\\',sans-serif;\\\">\u201cSomos el \u00fanico departamento que hoy est\u00e1 dando la gratuidad educativa, que ser\u00e1 de manera permanente y para siempre. Ac\u00e1 estamos transformando vidas y d\u00e1ndole la oportunidad a miles y miles de j\u00f3venes para que puedan tener un futuro\u201d, puntualiz\u00f3.<\/span><\/p>\n","protected":false},"excerpt":{"rendered":"<p>Entre la financiaci\u00f3n de la gratuidad educativa permanente y las transferencias a las universidades p\u00fablicas del Tolima, el gobierno departamental [&hellip;]<\/p>\n","protected":false},"author":1,"featured_media":0,"comment_status":"open","ping_status":"open","sticky":false,"template":"","format":"standard","meta":{"site-sidebar-layout":"default","site-content-layout":"","ast-site-content-layout":"default","site-content-style":"default","site-sidebar-style":"default","ast-global-header-display":"","ast-banner-title-visibility":"","ast-main-header-display":"","ast-hfb-above-header-display":"","ast-hfb-below-header-display":"","ast-hfb-mobile-header-display":"","site-post-title":"","ast-breadcrumbs-content":"","ast-featured-img":"","footer-sml-layout":"","ast-disable-related-posts":"","theme-transparent-header-meta":"","adv-header-id-meta":"","stick-header-meta":"","header-above-stick-meta":"","header-main-stick-meta":"","header-below-stick-meta":"","astra-migrate-meta-layouts":"default","ast-page-background-enabled":"default","ast-page-background-meta":{"desktop":{"background-color":"var(--ast-global-color-4)","background-image":"","background-repeat":"repeat","background-position":"center center","background-size":"auto","background-attachment":"scroll","background-type":"","background-media":"","overlay-type":"","overlay-color":"","overlay-opacity":"","overlay-gradient":""},"tablet":{"background-color":"","background-image":"","background-repeat":"repeat","background-position":"center center","background-size":"auto","background-attachment":"scroll","background-type":"","background-media":"","overlay-type":"","overlay-color":"","overlay-opacity":"","overlay-gradient":""},"mobile":{"background-color":"","background-image":"","background-repeat":"repeat","background-position":"center center","background-size":"auto","background-attachment":"scroll","background-type":"","background-media":"","overlay-type":"","overlay-color":"","overlay-opacity":"","overlay-gradient":""}},"ast-content-background-meta":{"desktop":{"background-color":"var(--ast-global-color-5)","background-image":"","background-repeat":"repeat","background-position":"center center","background-size":"auto","background-attachment":"scroll","background-type":"","background-media":"","overlay-type":"","overlay-color":"","overlay-opacity":"","overlay-gradient":""},"tablet":{"background-color":"var(--ast-global-color-5)","background-image":"","background-repeat":"repeat","background-position":"center center","background-size":"auto","background-attachment":"scroll","background-type":"","background-media":"","overlay-type":"","overlay-color":"","overlay-opacity":"","overlay-gradient":""},"mobile":{"background-color":"var(--ast-global-color-5)","background-image":"","background-repeat":"repeat","background-position":"center center","background-size":"auto","background-attachment":"scroll","background-type":"","background-media":"","overlay-type":"","overlay-color":"","overlay-opacity":"","overlay-gradient":""}},"footnotes":""},"categories":[17],"tags":[],"class_list":["post-9996","post","type-post","status-publish","format-standard","hentry","category-otras-cofesiones"],"yoast_head":"<!-- This site is optimized with the Yoast SEO plugin v27.4 - https:\/\/yoast.com\/product\/yoast-seo-wordpress\/ -->\n<title>Cerca de $200.000 millones asegur\u00f3 el gobernador Orozco para la educaci\u00f3n superior - El Confesionario<\/title>\n<meta name=\"robots\" content=\"index, follow, max-snippet:-1, max-image-preview:large, max-video-preview:-1\" \/>\n<link rel=\"canonical\" href=\"https:\/\/confesionario.co\/w\/cerca-de-200-000-millones-aseguro-el-gobernador-orozco-para-la-educacion-superior\/\" \/>\n<meta property=\"og:locale\" content=\"es_ES\" \/>\n<meta property=\"og:type\" content=\"article\" \/>\n<meta property=\"og:title\" content=\"Cerca de $200.000 millones asegur\u00f3 el gobernador Orozco para la educaci\u00f3n superior - El Confesionario\" \/>\n<meta property=\"og:description\" content=\"Entre la financiaci\u00f3n de la gratuidad educativa permanente y las transferencias a las universidades p\u00fablicas del Tolima, el gobierno departamental [&hellip;]\" \/>\n<meta property=\"og:url\" content=\"https:\/\/confesionario.co\/w\/cerca-de-200-000-millones-aseguro-el-gobernador-orozco-para-la-educacion-superior\/\" \/>\n<meta property=\"og:site_name\" content=\"El Confesionario\" \/>\n<meta property=\"article:published_time\" content=\"2022-11-24T01:50:36+00:00\" \/>\n<meta name=\"author\" content=\"admin\" \/>\n<meta name=\"twitter:card\" content=\"summary_large_image\" \/>\n<meta name=\"twitter:label1\" content=\"Escrito por\" \/>\n\t<meta name=\"twitter:data1\" content=\"admin\" \/>\n\t<meta name=\"twitter:label2\" content=\"Tiempo de lectura\" \/>\n\t<meta name=\"twitter:data2\" content=\"2 minutos\" \/>\n<script type=\"application\/ld+json\" class=\"yoast-schema-graph\">{\"@context\":\"https:\\\/\\\/schema.org\",\"@graph\":[{\"@type\":\"Article\",\"@id\":\"https:\\\/\\\/confesionario.co\\\/w\\\/cerca-de-200-000-millones-aseguro-el-gobernador-orozco-para-la-educacion-superior\\\/#article\",\"isPartOf\":{\"@id\":\"https:\\\/\\\/confesionario.co\\\/w\\\/cerca-de-200-000-millones-aseguro-el-gobernador-orozco-para-la-educacion-superior\\\/\"},\"author\":{\"name\":\"admin\",\"@id\":\"https:\\\/\\\/confesionario.co\\\/w\\\/#\\\/schema\\\/person\\\/85e99333497749318afab96ea0cc2342\"},\"headline\":\"Cerca de $200.000 millones asegur\u00f3 el gobernador Orozco para la educaci\u00f3n superior\",\"datePublished\":\"2022-11-24T01:50:36+00:00\",\"mainEntityOfPage\":{\"@id\":\"https:\\\/\\\/confesionario.co\\\/w\\\/cerca-de-200-000-millones-aseguro-el-gobernador-orozco-para-la-educacion-superior\\\/\"},\"wordCount\":473,\"commentCount\":0,\"publisher\":{\"@id\":\"https:\\\/\\\/confesionario.co\\\/w\\\/#organization\"},\"articleSection\":[\"Otras confesiones\"],\"inLanguage\":\"es\",\"potentialAction\":[{\"@type\":\"CommentAction\",\"name\":\"Comment\",\"target\":[\"https:\\\/\\\/confesionario.co\\\/w\\\/cerca-de-200-000-millones-aseguro-el-gobernador-orozco-para-la-educacion-superior\\\/#respond\"]}]},{\"@type\":\"WebPage\",\"@id\":\"https:\\\/\\\/confesionario.co\\\/w\\\/cerca-de-200-000-millones-aseguro-el-gobernador-orozco-para-la-educacion-superior\\\/\",\"url\":\"https:\\\/\\\/confesionario.co\\\/w\\\/cerca-de-200-000-millones-aseguro-el-gobernador-orozco-para-la-educacion-superior\\\/\",\"name\":\"Cerca de $200.000 millones asegur\u00f3 el gobernador Orozco para la educaci\u00f3n superior - El Confesionario\",\"isPartOf\":{\"@id\":\"https:\\\/\\\/confesionario.co\\\/w\\\/#website\"},\"datePublished\":\"2022-11-24T01:50:36+00:00\",\"breadcrumb\":{\"@id\":\"https:\\\/\\\/confesionario.co\\\/w\\\/cerca-de-200-000-millones-aseguro-el-gobernador-orozco-para-la-educacion-superior\\\/#breadcrumb\"},\"inLanguage\":\"es\",\"potentialAction\":[{\"@type\":\"ReadAction\",\"target\":[\"https:\\\/\\\/confesionario.co\\\/w\\\/cerca-de-200-000-millones-aseguro-el-gobernador-orozco-para-la-educacion-superior\\\/\"]}]},{\"@type\":\"BreadcrumbList\",\"@id\":\"https:\\\/\\\/confesionario.co\\\/w\\\/cerca-de-200-000-millones-aseguro-el-gobernador-orozco-para-la-educacion-superior\\\/#breadcrumb\",\"itemListElement\":[{\"@type\":\"ListItem\",\"position\":1,\"name\":\"Portada\",\"item\":\"https:\\\/\\\/confesionario.co\\\/w\\\/\"},{\"@type\":\"ListItem\",\"position\":2,\"name\":\"Cerca de $200.000 millones asegur\u00f3 el gobernador Orozco para la educaci\u00f3n superior\"}]},{\"@type\":\"WebSite\",\"@id\":\"https:\\\/\\\/confesionario.co\\\/w\\\/#website\",\"url\":\"https:\\\/\\\/confesionario.co\\\/w\\\/\",\"name\":\"El Confesionario\",\"description\":\"\",\"publisher\":{\"@id\":\"https:\\\/\\\/confesionario.co\\\/w\\\/#organization\"},\"potentialAction\":[{\"@type\":\"SearchAction\",\"target\":{\"@type\":\"EntryPoint\",\"urlTemplate\":\"https:\\\/\\\/confesionario.co\\\/w\\\/?s={search_term_string}\"},\"query-input\":{\"@type\":\"PropertyValueSpecification\",\"valueRequired\":true,\"valueName\":\"search_term_string\"}}],\"inLanguage\":\"es\"},{\"@type\":\"Organization\",\"@id\":\"https:\\\/\\\/confesionario.co\\\/w\\\/#organization\",\"name\":\"El Confesionario\",\"url\":\"https:\\\/\\\/confesionario.co\\\/w\\\/\",\"logo\":{\"@type\":\"ImageObject\",\"inLanguage\":\"es\",\"@id\":\"https:\\\/\\\/confesionario.co\\\/w\\\/#\\\/schema\\\/logo\\\/image\\\/\",\"url\":\"https:\\\/\\\/confesionario.co\\\/w\\\/wp-content\\\/uploads\\\/2026\\\/02\\\/confesionario-horizontal.png\",\"contentUrl\":\"https:\\\/\\\/confesionario.co\\\/w\\\/wp-content\\\/uploads\\\/2026\\\/02\\\/confesionario-horizontal.png\",\"width\":581,\"height\":148,\"caption\":\"El Confesionario\"},\"image\":{\"@id\":\"https:\\\/\\\/confesionario.co\\\/w\\\/#\\\/schema\\\/logo\\\/image\\\/\"}},{\"@type\":\"Person\",\"@id\":\"https:\\\/\\\/confesionario.co\\\/w\\\/#\\\/schema\\\/person\\\/85e99333497749318afab96ea0cc2342\",\"name\":\"admin\",\"image\":{\"@type\":\"ImageObject\",\"inLanguage\":\"es\",\"@id\":\"https:\\\/\\\/secure.gravatar.com\\\/avatar\\\/f3358fe09cfbbfc24265a18ea411b8ee8e54296a50fb17d8acf3cffca66240d2?s=96&d=mm&r=g\",\"url\":\"https:\\\/\\\/secure.gravatar.com\\\/avatar\\\/f3358fe09cfbbfc24265a18ea411b8ee8e54296a50fb17d8acf3cffca66240d2?s=96&d=mm&r=g\",\"contentUrl\":\"https:\\\/\\\/secure.gravatar.com\\\/avatar\\\/f3358fe09cfbbfc24265a18ea411b8ee8e54296a50fb17d8acf3cffca66240d2?s=96&d=mm&r=g\",\"caption\":\"admin\"},\"sameAs\":[\"https:\\\/\\\/elconfesionario.co\\\/w\"],\"url\":\"https:\\\/\\\/confesionario.co\\\/w\\\/author\\\/osabuena\\\/\"}]}<\/script>\n<!-- \/ Yoast SEO plugin. -->","yoast_head_json":{"title":"Cerca de $200.000 millones asegur\u00f3 el gobernador Orozco para la educaci\u00f3n superior - El Confesionario","robots":{"index":"index","follow":"follow","max-snippet":"max-snippet:-1","max-image-preview":"max-image-preview:large","max-video-preview":"max-video-preview:-1"},"canonical":"https:\/\/confesionario.co\/w\/cerca-de-200-000-millones-aseguro-el-gobernador-orozco-para-la-educacion-superior\/","og_locale":"es_ES","og_type":"article","og_title":"Cerca de $200.000 millones asegur\u00f3 el gobernador Orozco para la educaci\u00f3n superior - El Confesionario","og_description":"Entre la financiaci\u00f3n de la gratuidad educativa permanente y las transferencias a las universidades p\u00fablicas del Tolima, el gobierno departamental [&hellip;]","og_url":"https:\/\/confesionario.co\/w\/cerca-de-200-000-millones-aseguro-el-gobernador-orozco-para-la-educacion-superior\/","og_site_name":"El Confesionario","article_published_time":"2022-11-24T01:50:36+00:00","author":"admin","twitter_card":"summary_large_image","twitter_misc":{"Escrito por":"admin","Tiempo de lectura":"2 minutos"},"schema":{"@context":"https:\/\/schema.org","@graph":[{"@type":"Article","@id":"https:\/\/confesionario.co\/w\/cerca-de-200-000-millones-aseguro-el-gobernador-orozco-para-la-educacion-superior\/#article","isPartOf":{"@id":"https:\/\/confesionario.co\/w\/cerca-de-200-000-millones-aseguro-el-gobernador-orozco-para-la-educacion-superior\/"},"author":{"name":"admin","@id":"https:\/\/confesionario.co\/w\/#\/schema\/person\/85e99333497749318afab96ea0cc2342"},"headline":"Cerca de $200.000 millones asegur\u00f3 el gobernador Orozco para la educaci\u00f3n superior","datePublished":"2022-11-24T01:50:36+00:00","mainEntityOfPage":{"@id":"https:\/\/confesionario.co\/w\/cerca-de-200-000-millones-aseguro-el-gobernador-orozco-para-la-educacion-superior\/"},"wordCount":473,"commentCount":0,"publisher":{"@id":"https:\/\/confesionario.co\/w\/#organization"},"articleSection":["Otras confesiones"],"inLanguage":"es","potentialAction":[{"@type":"CommentAction","name":"Comment","target":["https:\/\/confesionario.co\/w\/cerca-de-200-000-millones-aseguro-el-gobernador-orozco-para-la-educacion-superior\/#respond"]}]},{"@type":"WebPage","@id":"https:\/\/confesionario.co\/w\/cerca-de-200-000-millones-aseguro-el-gobernador-orozco-para-la-educacion-superior\/","url":"https:\/\/confesionario.co\/w\/cerca-de-200-000-millones-aseguro-el-gobernador-orozco-para-la-educacion-superior\/","name":"Cerca de $200.000 millones asegur\u00f3 el gobernador Orozco para la educaci\u00f3n superior - El Confesionario","isPartOf":{"@id":"https:\/\/confesionario.co\/w\/#website"},"datePublished":"2022-11-24T01:50:36+00:00","breadcrumb":{"@id":"https:\/\/confesionario.co\/w\/cerca-de-200-000-millones-aseguro-el-gobernador-orozco-para-la-educacion-superior\/#breadcrumb"},"inLanguage":"es","potentialAction":[{"@type":"ReadAction","target":["https:\/\/confesionario.co\/w\/cerca-de-200-000-millones-aseguro-el-gobernador-orozco-para-la-educacion-superior\/"]}]},{"@type":"BreadcrumbList","@id":"https:\/\/confesionario.co\/w\/cerca-de-200-000-millones-aseguro-el-gobernador-orozco-para-la-educacion-superior\/#breadcrumb","itemListElement":[{"@type":"ListItem","position":1,"name":"Portada","item":"https:\/\/confesionario.co\/w\/"},{"@type":"ListItem","position":2,"name":"Cerca de $200.000 millones asegur\u00f3 el gobernador Orozco para la educaci\u00f3n superior"}]},{"@type":"WebSite","@id":"https:\/\/confesionario.co\/w\/#website","url":"https:\/\/confesionario.co\/w\/","name":"El Confesionario","description":"","publisher":{"@id":"https:\/\/confesionario.co\/w\/#organization"},"potentialAction":[{"@type":"SearchAction","target":{"@type":"EntryPoint","urlTemplate":"https:\/\/confesionario.co\/w\/?s={search_term_string}"},"query-input":{"@type":"PropertyValueSpecification","valueRequired":true,"valueName":"search_term_string"}}],"inLanguage":"es"},{"@type":"Organization","@id":"https:\/\/confesionario.co\/w\/#organization","name":"El Confesionario","url":"https:\/\/confesionario.co\/w\/","logo":{"@type":"ImageObject","inLanguage":"es","@id":"https:\/\/confesionario.co\/w\/#\/schema\/logo\/image\/","url":"https:\/\/confesionario.co\/w\/wp-content\/uploads\/2026\/02\/confesionario-horizontal.png","contentUrl":"https:\/\/confesionario.co\/w\/wp-content\/uploads\/2026\/02\/confesionario-horizontal.png","width":581,"height":148,"caption":"El Confesionario"},"image":{"@id":"https:\/\/confesionario.co\/w\/#\/schema\/logo\/image\/"}},{"@type":"Person","@id":"https:\/\/confesionario.co\/w\/#\/schema\/person\/85e99333497749318afab96ea0cc2342","name":"admin","image":{"@type":"ImageObject","inLanguage":"es","@id":"https:\/\/secure.gravatar.com\/avatar\/f3358fe09cfbbfc24265a18ea411b8ee8e54296a50fb17d8acf3cffca66240d2?s=96&d=mm&r=g","url":"https:\/\/secure.gravatar.com\/avatar\/f3358fe09cfbbfc24265a18ea411b8ee8e54296a50fb17d8acf3cffca66240d2?s=96&d=mm&r=g","contentUrl":"https:\/\/secure.gravatar.com\/avatar\/f3358fe09cfbbfc24265a18ea411b8ee8e54296a50fb17d8acf3cffca66240d2?s=96&d=mm&r=g","caption":"admin"},"sameAs":["https:\/\/elconfesionario.co\/w"],"url":"https:\/\/confesionario.co\/w\/author\/osabuena\/"}]}},"jetpack_featured_media_url":"","_links":{"self":[{"href":"https:\/\/confesionario.co\/w\/wp-json\/wp\/v2\/posts\/9996","targetHints":{"allow":["GET"]}}],"collection":[{"href":"https:\/\/confesionario.co\/w\/wp-json\/wp\/v2\/posts"}],"about":[{"href":"https:\/\/confesionario.co\/w\/wp-json\/wp\/v2\/types\/post"}],"author":[{"embeddable":true,"href":"https:\/\/confesionario.co\/w\/wp-json\/wp\/v2\/users\/1"}],"replies":[{"embeddable":true,"href":"https:\/\/confesionario.co\/w\/wp-json\/wp\/v2\/comments?post=9996"}],"version-history":[{"count":0,"href":"https:\/\/confesionario.co\/w\/wp-json\/wp\/v2\/posts\/9996\/revisions"}],"wp:attachment":[{"href":"https:\/\/confesionario.co\/w\/wp-json\/wp\/v2\/media?parent=9996"}],"wp:term":[{"taxonomy":"category","embeddable":true,"href":"https:\/\/confesionario.co\/w\/wp-json\/wp\/v2\/categories?post=9996"},{"taxonomy":"post_tag","embeddable":true,"href":"https:\/\/confesionario.co\/w\/wp-json\/wp\/v2\/tags?post=9996"}],"curies":[{"name":"wp","href":"https:\/\/api.w.org\/{rel}","templated":true}]}}