{"id":9998,"date":"2022-11-24T02:12:07","date_gmt":"2022-11-24T02:12:07","guid":{"rendered":"https:\/\/confesionario.co\/w\/festival-de-mariachis-asi-sera-la-primera-version-de-este-evento-gratuito\/"},"modified":"2022-11-24T02:12:07","modified_gmt":"2022-11-24T02:12:07","slug":"festival-de-mariachis-asi-sera-la-primera-version-de-este-evento-gratuito","status":"publish","type":"post","link":"https:\/\/confesionario.co\/w\/festival-de-mariachis-asi-sera-la-primera-version-de-este-evento-gratuito\/","title":{"rendered":"Festival de mariachis: As\u00ed ser\u00e1 la primera versi\u00f3n de este evento gratuito"},"content":{"rendered":"<p class=\\\"MsoNormal\\\"><span style=\\\"font-size: 12.0pt; line-height: 107%; font-family: \\'Arial\\',sans-serif;\\\">Entre este viernes y s\u00e1bado la Capital Musical vivir\u00e1 una nueva fiesta con identidad mexicana.<\/span><\/p>\n<p><!--more--><\/p>\n<p class=\\\"MsoNormal\\\"><span style=\\\"font-size: 12.0pt; line-height: 107%; font-family: \\'Arial\\',sans-serif;\\\">La Capital Musical vivir\u00e1 una verdadera fiesta mexicana con la primera versi\u00f3n del Festival de Mariachis, evento que reunir\u00e1 agrupaciones locales y a Ricardo Torres con su Mariachi Cl\u00e1sico Contempor\u00e1neo, como invitado nacional. <\/span><\/p>\n<p class=\\\"MsoNormal\\\"><span style=\\\"font-size: 12.0pt; line-height: 107%; font-family: \\'Arial\\',sans-serif;\\\">Las presentaciones comenzar\u00e1n este viernes, 25 de noviembre, en el Complejo Cultural Pan\u00f3ptico de Ibagu\u00e9 a partir de las 2:00 de la tarde. El s\u00e1bado 26, el espect\u00e1culo continuar\u00e1 en el Centro Comercial Multicentro, desde las 4:00 de la tarde.<\/span><\/p>\n<p class=\\\"MsoNormal\\\"><span style=\\\"font-size: 12.0pt; line-height: 107%; font-family: \\'Arial\\',sans-serif;\\\">De acuerdo con la secretaria de Cultura, Diana Londo\u00f1o, ser\u00e1n 12 mariachis en escena, los que pondr\u00e1n a cantar y a bailar a los ibaguere\u00f1os con los mejores \u00e9xitos del g\u00e9nero. <\/span><\/p>\n<p class=\\\"MsoNormal\\\"><span style=\\\"font-size: 12.0pt; line-height: 107%; font-family: \\'Arial\\',sans-serif;\\\">\u201c\u00c9ste es un reconocimiento que realizamos desde la Administraci\u00f3n \u2018Ibagu\u00e9 Vibra\u2019, para estos artistas que hacen parte de la cultura de nuestro pa\u00eds. Es por eso que todos los mariachis de Ibagu\u00e9 estar\u00e1n presentes en este encuentro y participar\u00e1n tambi\u00e9n de los espacios de formaci\u00f3n programados\u201d, dijo Londo\u00f1o.<\/span><\/p>\n<p class=\\\"MsoNormal\\\"><span style=\\\"font-size: 12.0pt; line-height: 107%; font-family: \\'Arial\\',sans-serif;\\\">Es de recordar que el ingreso al festival no tiene costo; sin embargo, se realizar\u00e1 con aforo limitado, por lo que se recomienda llegar temprano a cada lugar.<\/span><\/p>\n","protected":false},"excerpt":{"rendered":"<p>Entre este viernes y s\u00e1bado la Capital Musical vivir\u00e1 una nueva fiesta con identidad mexicana.<\/p>\n","protected":false},"author":1,"featured_media":0,"comment_status":"open","ping_status":"open","sticky":false,"template":"","format":"standard","meta":{"site-sidebar-layout":"default","site-content-layout":"","ast-site-content-layout":"default","site-content-style":"default","site-sidebar-style":"default","ast-global-header-display":"","ast-banner-title-visibility":"","ast-main-header-display":"","ast-hfb-above-header-display":"","ast-hfb-below-header-display":"","ast-hfb-mobile-header-display":"","site-post-title":"","ast-breadcrumbs-content":"","ast-featured-img":"","footer-sml-layout":"","ast-disable-related-posts":"","theme-transparent-header-meta":"","adv-header-id-meta":"","stick-header-meta":"","header-above-stick-meta":"","header-main-stick-meta":"","header-below-stick-meta":"","astra-migrate-meta-layouts":"default","ast-page-background-enabled":"default","ast-page-background-meta":{"desktop":{"background-color":"var(--ast-global-color-4)","background-image":"","background-repeat":"repeat","background-position":"center center","background-size":"auto","background-attachment":"scroll","background-type":"","background-media":"","overlay-type":"","overlay-color":"","overlay-opacity":"","overlay-gradient":""},"tablet":{"background-color":"","background-image":"","background-repeat":"repeat","background-position":"center center","background-size":"auto","background-attachment":"scroll","background-type":"","background-media":"","overlay-type":"","overlay-color":"","overlay-opacity":"","overlay-gradient":""},"mobile":{"background-color":"","background-image":"","background-repeat":"repeat","background-position":"center center","background-size":"auto","background-attachment":"scroll","background-type":"","background-media":"","overlay-type":"","overlay-color":"","overlay-opacity":"","overlay-gradient":""}},"ast-content-background-meta":{"desktop":{"background-color":"var(--ast-global-color-5)","background-image":"","background-repeat":"repeat","background-position":"center center","background-size":"auto","background-attachment":"scroll","background-type":"","background-media":"","overlay-type":"","overlay-color":"","overlay-opacity":"","overlay-gradient":""},"tablet":{"background-color":"var(--ast-global-color-5)","background-image":"","background-repeat":"repeat","background-position":"center center","background-size":"auto","background-attachment":"scroll","background-type":"","background-media":"","overlay-type":"","overlay-color":"","overlay-opacity":"","overlay-gradient":""},"mobile":{"background-color":"var(--ast-global-color-5)","background-image":"","background-repeat":"repeat","background-position":"center center","background-size":"auto","background-attachment":"scroll","background-type":"","background-media":"","overlay-type":"","overlay-color":"","overlay-opacity":"","overlay-gradient":""}},"footnotes":""},"categories":[19],"tags":[],"class_list":["post-9998","post","type-post","status-publish","format-standard","hentry","category-ibague"],"yoast_head":"<!-- This site is optimized with the Yoast SEO plugin v27.4 - https:\/\/yoast.com\/product\/yoast-seo-wordpress\/ -->\n<title>Festival de mariachis: As\u00ed ser\u00e1 la primera versi\u00f3n de este evento gratuito - El Confesionario<\/title>\n<meta name=\"robots\" content=\"index, follow, max-snippet:-1, max-image-preview:large, max-video-preview:-1\" \/>\n<link rel=\"canonical\" href=\"https:\/\/confesionario.co\/w\/festival-de-mariachis-asi-sera-la-primera-version-de-este-evento-gratuito\/\" \/>\n<meta property=\"og:locale\" content=\"es_ES\" \/>\n<meta property=\"og:type\" content=\"article\" \/>\n<meta property=\"og:title\" content=\"Festival de mariachis: As\u00ed ser\u00e1 la primera versi\u00f3n de este evento gratuito - El Confesionario\" \/>\n<meta property=\"og:description\" content=\"Entre este viernes y s\u00e1bado la Capital Musical vivir\u00e1 una nueva fiesta con identidad mexicana.\" \/>\n<meta property=\"og:url\" content=\"https:\/\/confesionario.co\/w\/festival-de-mariachis-asi-sera-la-primera-version-de-este-evento-gratuito\/\" \/>\n<meta property=\"og:site_name\" content=\"El Confesionario\" \/>\n<meta property=\"article:published_time\" content=\"2022-11-24T02:12:07+00:00\" \/>\n<meta name=\"author\" content=\"admin\" \/>\n<meta name=\"twitter:card\" content=\"summary_large_image\" \/>\n<meta name=\"twitter:label1\" content=\"Escrito por\" \/>\n\t<meta name=\"twitter:data1\" content=\"admin\" \/>\n\t<meta name=\"twitter:label2\" content=\"Tiempo de lectura\" \/>\n\t<meta name=\"twitter:data2\" content=\"1 minuto\" \/>\n<script type=\"application\/ld+json\" class=\"yoast-schema-graph\">{\"@context\":\"https:\\\/\\\/schema.org\",\"@graph\":[{\"@type\":\"Article\",\"@id\":\"https:\\\/\\\/confesionario.co\\\/w\\\/festival-de-mariachis-asi-sera-la-primera-version-de-este-evento-gratuito\\\/#article\",\"isPartOf\":{\"@id\":\"https:\\\/\\\/confesionario.co\\\/w\\\/festival-de-mariachis-asi-sera-la-primera-version-de-este-evento-gratuito\\\/\"},\"author\":{\"name\":\"admin\",\"@id\":\"https:\\\/\\\/confesionario.co\\\/w\\\/#\\\/schema\\\/person\\\/85e99333497749318afab96ea0cc2342\"},\"headline\":\"Festival de mariachis: As\u00ed ser\u00e1 la primera versi\u00f3n de este evento gratuito\",\"datePublished\":\"2022-11-24T02:12:07+00:00\",\"mainEntityOfPage\":{\"@id\":\"https:\\\/\\\/confesionario.co\\\/w\\\/festival-de-mariachis-asi-sera-la-primera-version-de-este-evento-gratuito\\\/\"},\"wordCount\":223,\"commentCount\":0,\"publisher\":{\"@id\":\"https:\\\/\\\/confesionario.co\\\/w\\\/#organization\"},\"articleSection\":[\"Ibagu\u00e9\"],\"inLanguage\":\"es\",\"potentialAction\":[{\"@type\":\"CommentAction\",\"name\":\"Comment\",\"target\":[\"https:\\\/\\\/confesionario.co\\\/w\\\/festival-de-mariachis-asi-sera-la-primera-version-de-este-evento-gratuito\\\/#respond\"]}]},{\"@type\":\"WebPage\",\"@id\":\"https:\\\/\\\/confesionario.co\\\/w\\\/festival-de-mariachis-asi-sera-la-primera-version-de-este-evento-gratuito\\\/\",\"url\":\"https:\\\/\\\/confesionario.co\\\/w\\\/festival-de-mariachis-asi-sera-la-primera-version-de-este-evento-gratuito\\\/\",\"name\":\"Festival de mariachis: As\u00ed ser\u00e1 la primera versi\u00f3n de este evento gratuito - El Confesionario\",\"isPartOf\":{\"@id\":\"https:\\\/\\\/confesionario.co\\\/w\\\/#website\"},\"datePublished\":\"2022-11-24T02:12:07+00:00\",\"breadcrumb\":{\"@id\":\"https:\\\/\\\/confesionario.co\\\/w\\\/festival-de-mariachis-asi-sera-la-primera-version-de-este-evento-gratuito\\\/#breadcrumb\"},\"inLanguage\":\"es\",\"potentialAction\":[{\"@type\":\"ReadAction\",\"target\":[\"https:\\\/\\\/confesionario.co\\\/w\\\/festival-de-mariachis-asi-sera-la-primera-version-de-este-evento-gratuito\\\/\"]}]},{\"@type\":\"BreadcrumbList\",\"@id\":\"https:\\\/\\\/confesionario.co\\\/w\\\/festival-de-mariachis-asi-sera-la-primera-version-de-este-evento-gratuito\\\/#breadcrumb\",\"itemListElement\":[{\"@type\":\"ListItem\",\"position\":1,\"name\":\"Portada\",\"item\":\"https:\\\/\\\/confesionario.co\\\/w\\\/\"},{\"@type\":\"ListItem\",\"position\":2,\"name\":\"Festival de mariachis: As\u00ed ser\u00e1 la primera versi\u00f3n de este evento gratuito\"}]},{\"@type\":\"WebSite\",\"@id\":\"https:\\\/\\\/confesionario.co\\\/w\\\/#website\",\"url\":\"https:\\\/\\\/confesionario.co\\\/w\\\/\",\"name\":\"El Confesionario\",\"description\":\"\",\"publisher\":{\"@id\":\"https:\\\/\\\/confesionario.co\\\/w\\\/#organization\"},\"potentialAction\":[{\"@type\":\"SearchAction\",\"target\":{\"@type\":\"EntryPoint\",\"urlTemplate\":\"https:\\\/\\\/confesionario.co\\\/w\\\/?s={search_term_string}\"},\"query-input\":{\"@type\":\"PropertyValueSpecification\",\"valueRequired\":true,\"valueName\":\"search_term_string\"}}],\"inLanguage\":\"es\"},{\"@type\":\"Organization\",\"@id\":\"https:\\\/\\\/confesionario.co\\\/w\\\/#organization\",\"name\":\"El Confesionario\",\"url\":\"https:\\\/\\\/confesionario.co\\\/w\\\/\",\"logo\":{\"@type\":\"ImageObject\",\"inLanguage\":\"es\",\"@id\":\"https:\\\/\\\/confesionario.co\\\/w\\\/#\\\/schema\\\/logo\\\/image\\\/\",\"url\":\"https:\\\/\\\/confesionario.co\\\/w\\\/wp-content\\\/uploads\\\/2026\\\/02\\\/confesionario-horizontal.png\",\"contentUrl\":\"https:\\\/\\\/confesionario.co\\\/w\\\/wp-content\\\/uploads\\\/2026\\\/02\\\/confesionario-horizontal.png\",\"width\":581,\"height\":148,\"caption\":\"El Confesionario\"},\"image\":{\"@id\":\"https:\\\/\\\/confesionario.co\\\/w\\\/#\\\/schema\\\/logo\\\/image\\\/\"}},{\"@type\":\"Person\",\"@id\":\"https:\\\/\\\/confesionario.co\\\/w\\\/#\\\/schema\\\/person\\\/85e99333497749318afab96ea0cc2342\",\"name\":\"admin\",\"image\":{\"@type\":\"ImageObject\",\"inLanguage\":\"es\",\"@id\":\"https:\\\/\\\/secure.gravatar.com\\\/avatar\\\/f3358fe09cfbbfc24265a18ea411b8ee8e54296a50fb17d8acf3cffca66240d2?s=96&d=mm&r=g\",\"url\":\"https:\\\/\\\/secure.gravatar.com\\\/avatar\\\/f3358fe09cfbbfc24265a18ea411b8ee8e54296a50fb17d8acf3cffca66240d2?s=96&d=mm&r=g\",\"contentUrl\":\"https:\\\/\\\/secure.gravatar.com\\\/avatar\\\/f3358fe09cfbbfc24265a18ea411b8ee8e54296a50fb17d8acf3cffca66240d2?s=96&d=mm&r=g\",\"caption\":\"admin\"},\"sameAs\":[\"https:\\\/\\\/elconfesionario.co\\\/w\"],\"url\":\"https:\\\/\\\/confesionario.co\\\/w\\\/author\\\/osabuena\\\/\"}]}<\/script>\n<!-- \/ Yoast SEO plugin. -->","yoast_head_json":{"title":"Festival de mariachis: As\u00ed ser\u00e1 la primera versi\u00f3n de este evento gratuito - El Confesionario","robots":{"index":"index","follow":"follow","max-snippet":"max-snippet:-1","max-image-preview":"max-image-preview:large","max-video-preview":"max-video-preview:-1"},"canonical":"https:\/\/confesionario.co\/w\/festival-de-mariachis-asi-sera-la-primera-version-de-este-evento-gratuito\/","og_locale":"es_ES","og_type":"article","og_title":"Festival de mariachis: As\u00ed ser\u00e1 la primera versi\u00f3n de este evento gratuito - El Confesionario","og_description":"Entre este viernes y s\u00e1bado la Capital Musical vivir\u00e1 una nueva fiesta con identidad mexicana.","og_url":"https:\/\/confesionario.co\/w\/festival-de-mariachis-asi-sera-la-primera-version-de-este-evento-gratuito\/","og_site_name":"El Confesionario","article_published_time":"2022-11-24T02:12:07+00:00","author":"admin","twitter_card":"summary_large_image","twitter_misc":{"Escrito por":"admin","Tiempo de lectura":"1 minuto"},"schema":{"@context":"https:\/\/schema.org","@graph":[{"@type":"Article","@id":"https:\/\/confesionario.co\/w\/festival-de-mariachis-asi-sera-la-primera-version-de-este-evento-gratuito\/#article","isPartOf":{"@id":"https:\/\/confesionario.co\/w\/festival-de-mariachis-asi-sera-la-primera-version-de-este-evento-gratuito\/"},"author":{"name":"admin","@id":"https:\/\/confesionario.co\/w\/#\/schema\/person\/85e99333497749318afab96ea0cc2342"},"headline":"Festival de mariachis: As\u00ed ser\u00e1 la primera versi\u00f3n de este evento gratuito","datePublished":"2022-11-24T02:12:07+00:00","mainEntityOfPage":{"@id":"https:\/\/confesionario.co\/w\/festival-de-mariachis-asi-sera-la-primera-version-de-este-evento-gratuito\/"},"wordCount":223,"commentCount":0,"publisher":{"@id":"https:\/\/confesionario.co\/w\/#organization"},"articleSection":["Ibagu\u00e9"],"inLanguage":"es","potentialAction":[{"@type":"CommentAction","name":"Comment","target":["https:\/\/confesionario.co\/w\/festival-de-mariachis-asi-sera-la-primera-version-de-este-evento-gratuito\/#respond"]}]},{"@type":"WebPage","@id":"https:\/\/confesionario.co\/w\/festival-de-mariachis-asi-sera-la-primera-version-de-este-evento-gratuito\/","url":"https:\/\/confesionario.co\/w\/festival-de-mariachis-asi-sera-la-primera-version-de-este-evento-gratuito\/","name":"Festival de mariachis: As\u00ed ser\u00e1 la primera versi\u00f3n de este evento gratuito - El Confesionario","isPartOf":{"@id":"https:\/\/confesionario.co\/w\/#website"},"datePublished":"2022-11-24T02:12:07+00:00","breadcrumb":{"@id":"https:\/\/confesionario.co\/w\/festival-de-mariachis-asi-sera-la-primera-version-de-este-evento-gratuito\/#breadcrumb"},"inLanguage":"es","potentialAction":[{"@type":"ReadAction","target":["https:\/\/confesionario.co\/w\/festival-de-mariachis-asi-sera-la-primera-version-de-este-evento-gratuito\/"]}]},{"@type":"BreadcrumbList","@id":"https:\/\/confesionario.co\/w\/festival-de-mariachis-asi-sera-la-primera-version-de-este-evento-gratuito\/#breadcrumb","itemListElement":[{"@type":"ListItem","position":1,"name":"Portada","item":"https:\/\/confesionario.co\/w\/"},{"@type":"ListItem","position":2,"name":"Festival de mariachis: As\u00ed ser\u00e1 la primera versi\u00f3n de este evento gratuito"}]},{"@type":"WebSite","@id":"https:\/\/confesionario.co\/w\/#website","url":"https:\/\/confesionario.co\/w\/","name":"El Confesionario","description":"","publisher":{"@id":"https:\/\/confesionario.co\/w\/#organization"},"potentialAction":[{"@type":"SearchAction","target":{"@type":"EntryPoint","urlTemplate":"https:\/\/confesionario.co\/w\/?s={search_term_string}"},"query-input":{"@type":"PropertyValueSpecification","valueRequired":true,"valueName":"search_term_string"}}],"inLanguage":"es"},{"@type":"Organization","@id":"https:\/\/confesionario.co\/w\/#organization","name":"El Confesionario","url":"https:\/\/confesionario.co\/w\/","logo":{"@type":"ImageObject","inLanguage":"es","@id":"https:\/\/confesionario.co\/w\/#\/schema\/logo\/image\/","url":"https:\/\/confesionario.co\/w\/wp-content\/uploads\/2026\/02\/confesionario-horizontal.png","contentUrl":"https:\/\/confesionario.co\/w\/wp-content\/uploads\/2026\/02\/confesionario-horizontal.png","width":581,"height":148,"caption":"El Confesionario"},"image":{"@id":"https:\/\/confesionario.co\/w\/#\/schema\/logo\/image\/"}},{"@type":"Person","@id":"https:\/\/confesionario.co\/w\/#\/schema\/person\/85e99333497749318afab96ea0cc2342","name":"admin","image":{"@type":"ImageObject","inLanguage":"es","@id":"https:\/\/secure.gravatar.com\/avatar\/f3358fe09cfbbfc24265a18ea411b8ee8e54296a50fb17d8acf3cffca66240d2?s=96&d=mm&r=g","url":"https:\/\/secure.gravatar.com\/avatar\/f3358fe09cfbbfc24265a18ea411b8ee8e54296a50fb17d8acf3cffca66240d2?s=96&d=mm&r=g","contentUrl":"https:\/\/secure.gravatar.com\/avatar\/f3358fe09cfbbfc24265a18ea411b8ee8e54296a50fb17d8acf3cffca66240d2?s=96&d=mm&r=g","caption":"admin"},"sameAs":["https:\/\/elconfesionario.co\/w"],"url":"https:\/\/confesionario.co\/w\/author\/osabuena\/"}]}},"jetpack_featured_media_url":"","_links":{"self":[{"href":"https:\/\/confesionario.co\/w\/wp-json\/wp\/v2\/posts\/9998","targetHints":{"allow":["GET"]}}],"collection":[{"href":"https:\/\/confesionario.co\/w\/wp-json\/wp\/v2\/posts"}],"about":[{"href":"https:\/\/confesionario.co\/w\/wp-json\/wp\/v2\/types\/post"}],"author":[{"embeddable":true,"href":"https:\/\/confesionario.co\/w\/wp-json\/wp\/v2\/users\/1"}],"replies":[{"embeddable":true,"href":"https:\/\/confesionario.co\/w\/wp-json\/wp\/v2\/comments?post=9998"}],"version-history":[{"count":0,"href":"https:\/\/confesionario.co\/w\/wp-json\/wp\/v2\/posts\/9998\/revisions"}],"wp:attachment":[{"href":"https:\/\/confesionario.co\/w\/wp-json\/wp\/v2\/media?parent=9998"}],"wp:term":[{"taxonomy":"category","embeddable":true,"href":"https:\/\/confesionario.co\/w\/wp-json\/wp\/v2\/categories?post=9998"},{"taxonomy":"post_tag","embeddable":true,"href":"https:\/\/confesionario.co\/w\/wp-json\/wp\/v2\/tags?post=9998"}],"curies":[{"name":"wp","href":"https:\/\/api.w.org\/{rel}","templated":true}]}}